{"id":1014,"date":"2018-02-01T13:34:08","date_gmt":"2018-02-01T11:34:08","guid":{"rendered":"http:\/\/spdwoelfersheim.de\/?p=1014"},"modified":"2021-01-12T13:40:59","modified_gmt":"2021-01-12T11:40:59","slug":"w-lan-fuer-woelfersheim","status":"publish","type":"post","link":"http:\/\/spdwoelfersheim.de\/?p=1014","title":{"rendered":"W-LAN f\u00fcr W\u00f6lfersheim"},"content":{"rendered":"<p>Eike See, der B\u00fcrgermeisterkandidat der SPD, m\u00f6chte in W\u00f6lfersheim ein \u00f6ffentliches W-LAN Netz einf\u00fchren. \u201eDas Thema wurde vor rund zwei Jahren schon einmal in den Gremien der Gemeinde behandelt und damals aufgrund der zu hohen Koste abgelehnt\u201c, berichtet See. Im Gegensatz zu damals m\u00f6chte See erst einmal mit einem Ort in der Gemeinde W\u00f6lfersheim starten und warten wie das W-LAN-Angebot angenommen wird. Vor zwei Jahren war die Einf\u00fchrung in allen Ortsteilen an mehreren Pl\u00e4tzen geplant gewesen. Wenn es nach See geht, wird das Netz f\u00fcr ein Jahr auf dem Platz vor dem Rathaus getestet. Anschlie\u00dfend soll geschaut werden ob sich die Ausweitung des Netzes auf die anderen Ortsteile rentieren w\u00fcrde. Die Ausweitung des W-LAN-Angebotes kann, nach der Testphase, laut See auch mit Hilfe der Ortsans\u00e4ssigen Unternehmen vorangetrieben werden.<\/p>\n<p>Momentan wird der W\u00f6lfersheimer Bahnhof umgebaut, im Erdgeschoss soll ein Caf\u00e9 entstehen, der neue Betreiber des Caf\u00e9s, die Firma Hinnerb\u00e4cker, k\u00f6nnte, genau wie der Wirt der Wetterauhalle, ebenfalls ein kostenloses W-LAN-Netz anbieten. \u201eW\u00f6lfersheim ist daf\u00fcr bekannt, dass Ideen schnell und unb\u00fcrokratisch umgesetzt werden. So hat sich die Gemeinde W\u00f6lfersheim auch im Bereich der Infrastruktur zu einer innovativen Gemeinde entwickelt\u201c, sind sich der 18-j\u00e4hrige Ortsans\u00e4ssige Jungunternehmer Robin Bu\u00df, sowie der EDV-Experte Volker Harmert einig. Beide wurden von See herangezogen um sich ein besseres Meinungsbild zu diesem Thema machen zu k\u00f6nnen. \u201eIch sehe mit der Bereitstellung eines W-LAN-Netzes vor dem Rathaus eine Verbesserung des Serviceangebotes. T\u00e4glich laufen mehrere hundert Sch\u00fcler am Rathaus vorbei, diese k\u00f6nnten nach der Schule von dem Netz profitieren aber auch f\u00fcr B\u00fcrger, die nach einem Besuch auf der Bank oder des B\u00e4ckers noch kurz im Internet etwas suchen oder E-Mails lesen wollen, k\u00f6nnen vom W-LAN-Netz profitieren\u201c, so See abschlie\u00dfend.<\/p>\n","protected":false},"excerpt":{"rendered":"<p>Eike See, der B\u00fcrgermeisterkandidat der SPD, m\u00f6chte in W\u00f6lfersheim ein \u00f6ffentliches W-LAN Netz einf\u00fchren. \u201eDas Thema wurde vor rund zwei Jahren schon einmal in den Gremien der Gemeinde behandelt und damals aufgrund der zu hohen Koste abgelehnt\u201c, berichtet See. Im Gegensatz zu damals m\u00f6chte See erst einmal mit einem Ort in der Gemeinde W\u00f6lfersheim starten [&hellip;]<\/p>\n","protected":false},"author":6,"featured_media":1017,"comment_status":"closed","ping_status":"open","sticky":false,"template":"","format":"standard","meta":{"rop_custom_images_group":[],"rop_custom_messages_group":[],"rop_publish_now":"initial","rop_publish_now_accounts":[],"rop_publish_now_history":[],"rop_publish_now_status":"pending","footnotes":""},"categories":[1],"tags":[263,259,261,260,514,262,96],"class_list":["post-1014","post","type-post","status-publish","format-standard","has-post-thumbnail","hentry","category-allgemein","tag-frei","tag-freies-wlan","tag-kommunikation","tag-netzwerk","tag-w-lan","tag-wlan-zone","tag-woelfersheim"],"_links":{"self":[{"href":"http:\/\/spdwoelfersheim.de\/index.php?rest_route=\/wp\/v2\/posts\/1014","targetHints":{"allow":["GET"]}}],"collection":[{"href":"http:\/\/spdwoelfersheim.de\/index.php?rest_route=\/wp\/v2\/posts"}],"about":[{"href":"http:\/\/spdwoelfersheim.de\/index.php?rest_route=\/wp\/v2\/types\/post"}],"author":[{"embeddable":true,"href":"http:\/\/spdwoelfersheim.de\/index.php?rest_route=\/wp\/v2\/users\/6"}],"replies":[{"embeddable":true,"href":"http:\/\/spdwoelfersheim.de\/index.php?rest_route=%2Fwp%2Fv2%2Fcomments&post=1014"}],"version-history":[{"count":1,"href":"http:\/\/spdwoelfersheim.de\/index.php?rest_route=\/wp\/v2\/posts\/1014\/revisions"}],"predecessor-version":[{"id":1016,"href":"http:\/\/spdwoelfersheim.de\/index.php?rest_route=\/wp\/v2\/posts\/1014\/revisions\/1016"}],"wp:featuredmedia":[{"embeddable":true,"href":"http:\/\/spdwoelfersheim.de\/index.php?rest_route=\/wp\/v2\/media\/1017"}],"wp:attachment":[{"href":"http:\/\/spdwoelfersheim.de\/index.php?rest_route=%2Fwp%2Fv2%2Fmedia&parent=1014"}],"wp:term":[{"taxonomy":"category","embeddable":true,"href":"http:\/\/spdwoelfersheim.de\/index.php?rest_route=%2Fwp%2Fv2%2Fcategories&post=1014"},{"taxonomy":"post_tag","embeddable":true,"href":"http:\/\/spdwoelfersheim.de\/index.php?rest_route=%2Fwp%2Fv2%2Ftags&post=1014"}],"curies":[{"name":"wp","href":"https:\/\/api.w.org\/{rel}","templated":true}]}}