{"id":1032,"date":"2018-02-21T11:08:05","date_gmt":"2018-02-21T09:08:05","guid":{"rendered":"http:\/\/spdwoelfersheim.de\/?p=1032"},"modified":"2021-01-12T13:40:59","modified_gmt":"2021-01-12T11:40:59","slug":"see-gesunde-ernaehrung-musik-und-baumassnahmen-fuer-kindergaerten","status":"publish","type":"post","link":"http:\/\/spdwoelfersheim.de\/?p=1032","title":{"rendered":"See: Gesunde Ern\u00e4hrung, Musik und Bauma\u00dfnahmen f\u00fcr Kinderg\u00e4rten"},"content":{"rendered":"<p><span style=\"font-family: times;\">B\u00fcrgermeisterkandidat Eike See mit Carolin Koch (Mitte) und Yvonne Wallesch vor dem Melbacher Kindergarten<\/span><\/br><\/p>\n<p>Der W\u00f6lfersheimer B\u00fcrgermeisterkandidat Eike See (SPD) hat sich im Zuge des laufenden Wahlkampfes intensiv mit dem Thema Kinderbetreuung in W\u00f6lfersheim besch\u00e4ftigt. See ist selbst Vater zweier T\u00f6chter im Alter von 4 und 8 Jahren. \u201eMeine beiden T\u00f6chter gingen, beziehungsweise besuchen noch aktuell den Kindergarten Regenbogen im Ortsteil S\u00f6del. Mit der dort angebotenen Betreuungssituation sind meine Frau und ich sehr zufrieden. Dies gilt sowohl f\u00fcr die R\u00e4umlichkeiten des Kindergartens als auch f\u00fcr das p\u00e4dagogische Konzept und das Personal. Hier wird mit viel Leidenschaft, Kompetenz und Herzblut gearbeitet\u201c, berichtet See. Um die Betreuungssituation dennoch weiter zu verbessern m\u00f6chte See, f\u00fcr den Fall, dass er am 4. M\u00e4rz zum neuen B\u00fcrgermeister von W\u00f6lfersheim gew\u00e4hlt wird, an vielen unterschiedlichen Stellen ansetzen. Das Thema gesunde Ern\u00e4hrung f\u00fcr Kinder zwischen dem ersten und dem sechsten Lebensjahr soll in einem Konzept festgehalten werden. Hier m\u00f6chte See gerne mit allen Leiterinnen der Kinderg\u00e4rten, mit der Fachbereichsleitung der Kinderg\u00e4rten im Rathaus, Nicole Lehmann und mit dem Institut f\u00fcr Sportern\u00e4hrung e.V. in Bad Nauheim zusammen arbeiten. \u201eEin Nutellabrot ist nichts schlimmes und geh\u00f6rt auch bei uns im Haushalt zum Alltag. Dennoch ist es wichtig, dass wir unseren Kindern schon fr\u00fch vermitteln, wie wichtig gesunde Ern\u00e4hrung ist. Auch das Thema \u201aRegionalit\u00e4t\u2018 und Herkunft des Essens soll dabei eine Rolle spielen.\u201c<\/p>\n<p>Ebenfalls m\u00f6chte See eine noch bessere Vernetzung zwischen Grundschule und Kinderg\u00e4rten herbeif\u00fchren. Die Jim-Knopf-Schule in S\u00f6del erh\u00e4lt bald eine neue Schulleitung. Mit dieser m\u00f6chte See den bereits existierenden Plan \u00fcberarbeiten, aus dem hervorgeht, wie der \u00dcbergang vom Kindergarten in die Schule reibungslos f\u00fcr die Eltern und angenehm f\u00fcr die Kinder praktiziert werden kann. In diesem Zusammenhang soll auch die Vorschularbeit der einzelnen Kinderg\u00e4rten noch einmal beleuchtet werden und bei Bedarf optimiert werden. \u201eAktuell wird ein Projekt im Bereich der musikalischen Fr\u00fcherziehung umgesetzt. Unabh\u00e4ngig vom Geldbeutel der Eltern soll f\u00fcr alle Kinder in den Kinderg\u00e4rten in einem bestimmten Alter einmal in der Woche eine musikp\u00e4dagogisch fundierte Fr\u00fcherziehung stattfinden. Das halte ich vor dem Hintergrund der musikalischen Schwerpunkte in Jim-Knopf-Schule und Singbergschule f\u00fcr ein hervorragendes Fundament. Dadurch k\u00f6nnen die Kinder auch Selbstbewusstsein f\u00fcr die neue Herausforderung ziehen. Dies soll auch durch eine regelm\u00e4\u00dfige und sinnvoll konzipierte Vorschularbeit geschehen. Der \u00dcbergang von Kinderg\u00e4rten in Grundschule muss f\u00fcr unsere Kinder so problemlos wie m\u00f6glich gestaltet werden.\u201c<\/p>\n<p>Ein weiteres wichtiges Thema sind die gerade laufenden und geplanten Bauma\u00dfnahmen im Bereich der Kinderg\u00e4rten. Aktuell entsteht direkt neben dem W\u00f6lfersheimer Rathaus ein neuer Kindergarten mit zwei Gruppen. Der Kindergarten in Wohnbach und die Kinderstube am Wei\u00dfen Turm werden noch in diesem Jahr baulich erweitert. Geht es nach See ist danach aber noch nicht Schluss. \u201eDer Betreuungsbedarf w\u00e4chst weiter, insbesondere durch die Anforderungen im Berufsleben. Wir m\u00fcssen als Gemeinde vorausschauend die Weichen richtig stellen, damit wir immer bestm\u00f6glich am Puls der Bed\u00fcrfnisse der Familien sind.\u201c Nur zu gerne w\u00fcrde er auch an den Kindergarten in Melbach und das angrenzende Dorfgemeinschaftshaus anbauen. \u201eDas Au\u00dfengel\u00e4nde der R\u00e4uberh\u00f6hle wurde vor einiger Zeit neu gestaltet und ist wirklich toll geworden. Baulich ist der Kindergarten aber nicht so, wie ich mir das vorstelle. Auf dem bestehenden Grundst\u00fcck ist eine Erweiterung jedoch nicht m\u00f6glich. Ich m\u00f6chte daher Gespr\u00e4che mit den Nachbarn suchen um einen Grundst\u00fccksankauf realisieren zu k\u00f6nnen. Nur so ist es m\u00f6glich die dringen ben\u00f6tigten R\u00e4ume f\u00fcr Schlaf- und Abstellm\u00f6glichkeiten zu schaffen. Hiervon k\u00f6nnen nicht nur die Kinder des Kindergartens, sondern auch die Vereine profitieren, die das Dorfgemeinschaftshaus regelm\u00e4\u00dfig nutzen\u201c, so See abschlie\u00dfend.<\/p>\n","protected":false},"excerpt":{"rendered":"<p>B\u00fcrgermeisterkandidat Eike See mit Carolin Koch (Mitte) und Yvonne Wallesch vor dem Melbacher Kindergarten Der W\u00f6lfersheimer B\u00fcrgermeisterkandidat Eike See (SPD) hat sich im Zuge des laufenden Wahlkampfes intensiv mit dem Thema Kinderbetreuung in W\u00f6lfersheim besch\u00e4ftigt. See ist selbst Vater zweier T\u00f6chter im Alter von 4 und 8 Jahren. \u201eMeine beiden T\u00f6chter gingen, beziehungsweise besuchen noch [&hellip;]<\/p>\n","protected":false},"author":6,"featured_media":1033,"comment_status":"closed","ping_status":"open","sticky":false,"template":"","format":"standard","meta":{"rop_custom_images_group":[],"rop_custom_messages_group":[],"rop_publish_now":"initial","rop_publish_now_accounts":[],"rop_publish_now_history":[],"rop_publish_now_status":"pending","footnotes":""},"categories":[1],"tags":[506,269,504,270,271,268,505,32],"class_list":["post-1032","post","type-post","status-publish","format-standard","has-post-thumbnail","hentry","category-allgemein","tag-baumassnahmen","tag-ernaehrung","tag-gesunde","tag-gesundheit","tag-kinder","tag-kindergaerten","tag-musik","tag-see"],"_links":{"self":[{"href":"http:\/\/spdwoelfersheim.de\/index.php?rest_route=\/wp\/v2\/posts\/1032","targetHints":{"allow":["GET"]}}],"collection":[{"href":"http:\/\/spdwoelfersheim.de\/index.php?rest_route=\/wp\/v2\/posts"}],"about":[{"href":"http:\/\/spdwoelfersheim.de\/index.php?rest_route=\/wp\/v2\/types\/post"}],"author":[{"embeddable":true,"href":"http:\/\/spdwoelfersheim.de\/index.php?rest_route=\/wp\/v2\/users\/6"}],"replies":[{"embeddable":true,"href":"http:\/\/spdwoelfersheim.de\/index.php?rest_route=%2Fwp%2Fv2%2Fcomments&post=1032"}],"version-history":[{"count":1,"href":"http:\/\/spdwoelfersheim.de\/index.php?rest_route=\/wp\/v2\/posts\/1032\/revisions"}],"predecessor-version":[{"id":1034,"href":"http:\/\/spdwoelfersheim.de\/index.php?rest_route=\/wp\/v2\/posts\/1032\/revisions\/1034"}],"wp:featuredmedia":[{"embeddable":true,"href":"http:\/\/spdwoelfersheim.de\/index.php?rest_route=\/wp\/v2\/media\/1033"}],"wp:attachment":[{"href":"http:\/\/spdwoelfersheim.de\/index.php?rest_route=%2Fwp%2Fv2%2Fmedia&parent=1032"}],"wp:term":[{"taxonomy":"category","embeddable":true,"href":"http:\/\/spdwoelfersheim.de\/index.php?rest_route=%2Fwp%2Fv2%2Fcategories&post=1032"},{"taxonomy":"post_tag","embeddable":true,"href":"http:\/\/spdwoelfersheim.de\/index.php?rest_route=%2Fwp%2Fv2%2Ftags&post=1032"}],"curies":[{"name":"wp","href":"https:\/\/api.w.org\/{rel}","templated":true}]}}