{"id":1038,"date":"2018-02-28T09:20:01","date_gmt":"2018-02-28T07:20:01","guid":{"rendered":"http:\/\/spdwoelfersheim.de\/?p=1038"},"modified":"2021-01-12T13:40:58","modified_gmt":"2021-01-12T11:40:58","slug":"see-will-feldwege-programm-fortsetzen","status":"publish","type":"post","link":"http:\/\/spdwoelfersheim.de\/?p=1038","title":{"rendered":"See will Feldwege-Programm fortsetzen"},"content":{"rendered":"<p><span style=\"font-family: times;\">Rainer Lindt, Jens Dieffenbach, B\u00fcrgermeisterkandidat Eike See und Henrik Kleberger im Feld zwischen W\u00f6lfersheim und Wohnbach<\/span><\/br><\/p>\n<p>Der W\u00f6lfersheimer B\u00fcrgermeisterkandidat Eike See (SPD) traf sich j\u00fcngst mit dem W\u00f6lfersheimer Landwirt Jens Dieffenbach und den beiden ortsans\u00e4ssigen Unternehmern Rainer Lindt und Henrik Kleberger um mit Ihnen \u00fcber den Ausbau der Feldwege und das Thema nachhaltige Landwirtschaft zu sprechen.<\/p>\n<p>Jens Dieffenbach ist seit Jahren, auch \u00fcber die Grenzen von W\u00f6lfersheim hinaus, f\u00fcr seinen Erdbeeranbau und deren Vermarktung bekannt. Mittlerweile hat er auch Bio-Erdbeeren in sein Sortiment mit aufgenommen. Dieffenbach ging in dem Gespr\u00e4ch mit See intensiv auf die Themen Biolandwirtschaft, Bl\u00fchstreifen und das von der EU gef\u00f6rderte Greening-Programm ein. Beim Greening stellen Landwirte 5% ihrer betrieblichen Ackerfl\u00e4che als \u00f6kologische Vorrangfl\u00e4che zur Verf\u00fcgung und k\u00f6nnen diese somit nicht mehr bewirtschaften. F\u00fcr diese Ma\u00dfnahme erhalten die Landwirte dann eine F\u00f6rderung der EU. Dieffenbach h\u00e4lt diese F\u00f6rderung grunds\u00e4tzlich f\u00fcr sinnvoll, wei\u00dft aber auch darauf hin, dass sehr hohe b\u00fcrokratische H\u00fcrden bei der Beantragung und Umsetzung zu \u00fcberwinden sind. Diese H\u00fcrden halten viele Landwirte davon ab an dem Programm teilzunehmen. \u201eAls Familienvater versuche ich meinen Kindern ein wertsch\u00e4tzendes Bewusstsein f\u00fcr Nahrungsmittel zu vermitteln. Als B\u00fcrgermeister w\u00fcrde ich dies gerne auch in den Kinderg\u00e4rten verst\u00e4rkt in den Blickpunkt nehmen. F\u00fcr mich ist die Regionalit\u00e4t von Produkten enorm wichtig. Ich bin sehr froh, dass wir landwirtschaftliche Betriebe wie \u201aErdbeer-Dieffenbach\u2018 in unserer Gemeinde haben, die moderne neue Wege gehen und b\u00fcrokratische H\u00fcrden nicht scheuen, um regionale Bio-Produkte anzubieten.\u201c freut sich B\u00fcrgermeisterkandidat Eike See.<\/p>\n<p>Die beiden in W\u00f6lfersheim ans\u00e4ssigen Unternehmer Rainer Lindt und Henrik Kleberger, der selbst auf einem landwirtschaftlichen Betrieb aufgewachsen ist und diesen neben seinem eigentlichen Beruf noch betreibt, berichteten im Anschluss \u00fcber die Arbeiten die sie gerade in W\u00f6lfersheim ausf\u00fchren. Lindt ist an der Gemarkungsgrenze zu Echzell, mit einer Bauma\u00dfnahme im Zuge der Renaturierung der Horloff im Einsatz. Kleberger wird in den n\u00e4chsten Tagen einen kleinen Weg in W\u00f6lfersheim errichten. Sowohl Lindt als auch Kleberger erschweren allerdings die Wetterverh\u00e4ltnisse die Arbeit. Aufgrund der gro\u00dfen Mengen an Niederschlag und dem fehlenden Frost in den letzten Wochen sind viele Arbeiten ins Stocken geraten. An die Arbeit mit schweren Ger\u00e4tschaften auf nicht befestigten Untergrund war nicht zu denken. \u201eDie Vergaberichtlinien f\u00fcr Bau und Dienstleistungen machen den Kommunen das Leben oftmals schwer und f\u00fchren dazu, dass Auftr\u00e4ge an Firmen vergeben werden m\u00fcssen, die eine enorm weite Anreise haben. Die Gemeinde W\u00f6lfersheim nutzt seit Jahren den vorhandenen Spielraum aus, um Auftr\u00e4ge wenn m\u00f6glich an regionale Unternehmer zu vergeben. Das st\u00e4rkt unsere lokale Wirtschaft und damit unsere gesamte Gemeinde. Diesen Weg will ich im Falle meiner Wahl weitergehen. Die \u00f6rtliche Wirtschaft muss bestm\u00f6glich unterst\u00fctzt werden.\u201c ist sich Eike See sicher.<\/p>\n<p>Begeistert zeigten sich sowohl Lindt und Kleberger als auch Dieffenbach von den Investitionen die in den letzten Jahren in das Feldwegenetz geflossen sind. Die Gemeinde W\u00f6lfersheim investierte in den Jahren 2013 bis 2017 insgesamt 1 Mio. \u20ac  in die Feldwege der Gemeinde. In W\u00f6lfersheim gibt es rund 3.000 Hektar an Ackerfl\u00e4chen die mit 800 Feldwegen verbunden sind. \u201eVon den Investitionen in unsere Feldwege profitieren sowohl unsere Landwirte als auch die Freizeitsportler, die ohne Schlagl\u00f6cher Fahrradfahren und Joggen k\u00f6nnen. Geht es nach mir, wird die Gemeinde W\u00f6lfersheim auch in Zukunft, in Abstimmung mit den Ortslandwirten, den Ausbau und die Sanierung des Feldwegenetzes weiter voranbringen\u201c, so See abschlie\u00dfend.<\/p>\n","protected":false},"excerpt":{"rendered":"<p>Rainer Lindt, Jens Dieffenbach, B\u00fcrgermeisterkandidat Eike See und Henrik Kleberger im Feld zwischen W\u00f6lfersheim und Wohnbach Der W\u00f6lfersheimer B\u00fcrgermeisterkandidat Eike See (SPD) traf sich j\u00fcngst mit dem W\u00f6lfersheimer Landwirt Jens Dieffenbach und den beiden ortsans\u00e4ssigen Unternehmern Rainer Lindt und Henrik Kleberger um mit Ihnen \u00fcber den Ausbau der Feldwege und das Thema nachhaltige Landwirtschaft zu [&hellip;]<\/p>\n","protected":false},"author":6,"featured_media":1039,"comment_status":"closed","ping_status":"open","sticky":false,"template":"","format":"standard","meta":{"rop_custom_images_group":[],"rop_custom_messages_group":[],"rop_publish_now":"initial","rop_publish_now_accounts":[],"rop_publish_now_history":[],"rop_publish_now_status":"pending","footnotes":""},"categories":[1],"tags":[499,498,32],"class_list":["post-1038","post","type-post","status-publish","format-standard","has-post-thumbnail","hentry","category-allgemein","tag-feldwege-programm","tag-fortsetzen","tag-see"],"_links":{"self":[{"href":"http:\/\/spdwoelfersheim.de\/index.php?rest_route=\/wp\/v2\/posts\/1038","targetHints":{"allow":["GET"]}}],"collection":[{"href":"http:\/\/spdwoelfersheim.de\/index.php?rest_route=\/wp\/v2\/posts"}],"about":[{"href":"http:\/\/spdwoelfersheim.de\/index.php?rest_route=\/wp\/v2\/types\/post"}],"author":[{"embeddable":true,"href":"http:\/\/spdwoelfersheim.de\/index.php?rest_route=\/wp\/v2\/users\/6"}],"replies":[{"embeddable":true,"href":"http:\/\/spdwoelfersheim.de\/index.php?rest_route=%2Fwp%2Fv2%2Fcomments&post=1038"}],"version-history":[{"count":1,"href":"http:\/\/spdwoelfersheim.de\/index.php?rest_route=\/wp\/v2\/posts\/1038\/revisions"}],"predecessor-version":[{"id":1040,"href":"http:\/\/spdwoelfersheim.de\/index.php?rest_route=\/wp\/v2\/posts\/1038\/revisions\/1040"}],"wp:featuredmedia":[{"embeddable":true,"href":"http:\/\/spdwoelfersheim.de\/index.php?rest_route=\/wp\/v2\/media\/1039"}],"wp:attachment":[{"href":"http:\/\/spdwoelfersheim.de\/index.php?rest_route=%2Fwp%2Fv2%2Fmedia&parent=1038"}],"wp:term":[{"taxonomy":"category","embeddable":true,"href":"http:\/\/spdwoelfersheim.de\/index.php?rest_route=%2Fwp%2Fv2%2Fcategories&post=1038"},{"taxonomy":"post_tag","embeddable":true,"href":"http:\/\/spdwoelfersheim.de\/index.php?rest_route=%2Fwp%2Fv2%2Ftags&post=1038"}],"curies":[{"name":"wp","href":"https:\/\/api.w.org\/{rel}","templated":true}]}}