{"id":1042,"date":"2018-03-07T07:47:27","date_gmt":"2018-03-07T05:47:27","guid":{"rendered":"http:\/\/spdwoelfersheim.de\/?p=1042"},"modified":"2021-01-12T13:40:58","modified_gmt":"2021-01-12T11:40:58","slug":"die-woelfersheimer-spd-bedankt-sich-fuer-ihr-vertrauen","status":"publish","type":"post","link":"http:\/\/spdwoelfersheim.de\/?p=1042","title":{"rendered":"Die W\u00f6lfersheimer SPD bedankt sich f\u00fcr Ihr Vertrauen"},"content":{"rendered":"<p>Wir m\u00f6chten uns hiermit bei allen Personen bedanken, die Eike See am Sonntag ihre Stimme gegeben haben und ihn im Laufe der letzten Monate unterst\u00fctzt haben.<\/p>\n<p>Wir freuen uns sehr, dass W\u00f6lfersheim weiter von einem sozialdemokratischen B\u00fcrgermeister regiert wird, der sich auf eine SPD-Mehrheit im Parlament verlassen kann. <\/p>\n<p>Zusammen werden wir unsere ganze Energie zum Wohle unserer sch\u00f6nen Gemeinde einsetzen.<\/p>\n<p>Gl\u00fcck auf<\/p>\n<p>Ihre<\/p>\n<p>W\u00f6lfersheimer SPD<\/p>\n","protected":false},"excerpt":{"rendered":"<p>Wir m\u00f6chten uns hiermit bei allen Personen bedanken, die Eike See am Sonntag ihre Stimme gegeben haben und ihn im Laufe der letzten Monate unterst\u00fctzt haben. Wir freuen uns sehr, dass W\u00f6lfersheim weiter von einem sozialdemokratischen B\u00fcrgermeister regiert wird, der sich auf eine SPD-Mehrheit im Parlament verlassen kann. Zusammen werden wir unsere ganze Energie zum [&hellip;]<\/p>\n","protected":false},"author":6,"featured_media":961,"comment_status":"closed","ping_status":"open","sticky":false,"template":"","format":"standard","meta":{"rop_custom_images_group":[],"rop_custom_messages_group":[],"rop_publish_now":"initial","rop_publish_now_accounts":[],"rop_publish_now_history":[],"rop_publish_now_status":"pending","footnotes":""},"categories":[1],"tags":[497,36,496,254],"class_list":["post-1042","post","type-post","status-publish","format-standard","has-post-thumbnail","hentry","category-allgemein","tag-bedankt","tag-spd","tag-vertrauen","tag-woelfersheimer"],"_links":{"self":[{"href":"http:\/\/spdwoelfersheim.de\/index.php?rest_route=\/wp\/v2\/posts\/1042","targetHints":{"allow":["GET"]}}],"collection":[{"href":"http:\/\/spdwoelfersheim.de\/index.php?rest_route=\/wp\/v2\/posts"}],"about":[{"href":"http:\/\/spdwoelfersheim.de\/index.php?rest_route=\/wp\/v2\/types\/post"}],"author":[{"embeddable":true,"href":"http:\/\/spdwoelfersheim.de\/index.php?rest_route=\/wp\/v2\/users\/6"}],"replies":[{"embeddable":true,"href":"http:\/\/spdwoelfersheim.de\/index.php?rest_route=%2Fwp%2Fv2%2Fcomments&post=1042"}],"version-history":[{"count":2,"href":"http:\/\/spdwoelfersheim.de\/index.php?rest_route=\/wp\/v2\/posts\/1042\/revisions"}],"predecessor-version":[{"id":1044,"href":"http:\/\/spdwoelfersheim.de\/index.php?rest_route=\/wp\/v2\/posts\/1042\/revisions\/1044"}],"wp:featuredmedia":[{"embeddable":true,"href":"http:\/\/spdwoelfersheim.de\/index.php?rest_route=\/wp\/v2\/media\/961"}],"wp:attachment":[{"href":"http:\/\/spdwoelfersheim.de\/index.php?rest_route=%2Fwp%2Fv2%2Fmedia&parent=1042"}],"wp:term":[{"taxonomy":"category","embeddable":true,"href":"http:\/\/spdwoelfersheim.de\/index.php?rest_route=%2Fwp%2Fv2%2Fcategories&post=1042"},{"taxonomy":"post_tag","embeddable":true,"href":"http:\/\/spdwoelfersheim.de\/index.php?rest_route=%2Fwp%2Fv2%2Ftags&post=1042"}],"curies":[{"name":"wp","href":"https:\/\/api.w.org\/{rel}","templated":true}]}}