{"id":1050,"date":"2018-05-11T13:19:50","date_gmt":"2018-05-11T11:19:50","guid":{"rendered":"http:\/\/spdwoelfersheim.de\/?p=1050"},"modified":"2021-01-12T13:40:58","modified_gmt":"2021-01-12T11:40:58","slug":"allgemeine-information","status":"publish","type":"post","link":"http:\/\/spdwoelfersheim.de\/?p=1050","title":{"rendered":"Allgemeine Information"},"content":{"rendered":"<p>Die Jahreshauptversammlung des SPD-Ortsbezirkes S\u00f6del findet am 18.05.2018 um 19.00 Uhr in der Ratssch\u00e4nke Sodila statt.<\/p>\n<p>Die Tagesordnung sieht wie folgt aus:<\/p>\n<p>TOP 1 Begr\u00fc\u00dfung<\/p>\n<p>TOP 2 Totenehrung<\/p>\n<p>TOP 3 Verabschiedung der Tagesordnung<\/p>\n<p>TOP 4 Verlesung des Protokolls der letzten JHV<\/p>\n<p>TOP 5 Bericht des 1. Vorsitzenden<\/p>\n<p>TOP 6 Aussprache \u00fcber den Bericht<\/p>\n<p>TOP 7 Bericht des Kassierers<\/p>\n<p>TOP 8 Bericht der Kassenpr\u00fcfer<\/p>\n<p>TOP 9 Aussprache \u00fcber Punkt 7 und 8<\/p>\n<p>TOP 10 Entlastung des Vorstandes<\/p>\n<p>TOP 11 Berichte<br \/>\na) aus der Gemeindevertretung<br \/>\nb) aus dem Gemeindevorstand<br \/>\nc) aus dem Ortsvereinsvorstand<\/p>\n<p>TOP 12 Aussprache zu TOP 11<\/p>\n<p>TOP 13 Antr\u00e4ge<\/p>\n<p>TOP 14 Veranstaltungen und Termine<\/p>\n<p>TOP 15 Verschiedenes<\/p>\n","protected":false},"excerpt":{"rendered":"<p>Die Jahreshauptversammlung des SPD-Ortsbezirkes S\u00f6del findet am 18.05.2018 um 19.00 Uhr in der Ratssch\u00e4nke Sodila statt. Die Tagesordnung sieht wie folgt aus: TOP 1 Begr\u00fc\u00dfung TOP 2 Totenehrung TOP 3 Verabschiedung der Tagesordnung TOP 4 Verlesung des Protokolls der letzten JHV TOP 5 Bericht des 1. Vorsitzenden TOP 6 Aussprache \u00fcber den Bericht TOP 7 [&hellip;]<\/p>\n","protected":false},"author":6,"featured_media":1051,"comment_status":"closed","ping_status":"open","sticky":false,"template":"","format":"standard","meta":{"rop_custom_images_group":[],"rop_custom_messages_group":[],"rop_publish_now":"initial","rop_publish_now_accounts":[],"rop_publish_now_history":[],"rop_publish_now_status":"pending","footnotes":""},"categories":[1],"tags":[492,493],"class_list":["post-1050","post","type-post","status-publish","format-standard","has-post-thumbnail","hentry","category-allgemein","tag-allgemeine","tag-information"],"_links":{"self":[{"href":"http:\/\/spdwoelfersheim.de\/index.php?rest_route=\/wp\/v2\/posts\/1050","targetHints":{"allow":["GET"]}}],"collection":[{"href":"http:\/\/spdwoelfersheim.de\/index.php?rest_route=\/wp\/v2\/posts"}],"about":[{"href":"http:\/\/spdwoelfersheim.de\/index.php?rest_route=\/wp\/v2\/types\/post"}],"author":[{"embeddable":true,"href":"http:\/\/spdwoelfersheim.de\/index.php?rest_route=\/wp\/v2\/users\/6"}],"replies":[{"embeddable":true,"href":"http:\/\/spdwoelfersheim.de\/index.php?rest_route=%2Fwp%2Fv2%2Fcomments&post=1050"}],"version-history":[{"count":1,"href":"http:\/\/spdwoelfersheim.de\/index.php?rest_route=\/wp\/v2\/posts\/1050\/revisions"}],"predecessor-version":[{"id":1052,"href":"http:\/\/spdwoelfersheim.de\/index.php?rest_route=\/wp\/v2\/posts\/1050\/revisions\/1052"}],"wp:featuredmedia":[{"embeddable":true,"href":"http:\/\/spdwoelfersheim.de\/index.php?rest_route=\/wp\/v2\/media\/1051"}],"wp:attachment":[{"href":"http:\/\/spdwoelfersheim.de\/index.php?rest_route=%2Fwp%2Fv2%2Fmedia&parent=1050"}],"wp:term":[{"taxonomy":"category","embeddable":true,"href":"http:\/\/spdwoelfersheim.de\/index.php?rest_route=%2Fwp%2Fv2%2Fcategories&post=1050"},{"taxonomy":"post_tag","embeddable":true,"href":"http:\/\/spdwoelfersheim.de\/index.php?rest_route=%2Fwp%2Fv2%2Ftags&post=1050"}],"curies":[{"name":"wp","href":"https:\/\/api.w.org\/{rel}","templated":true}]}}