{"id":1053,"date":"2018-05-12T09:53:36","date_gmt":"2018-05-12T07:53:36","guid":{"rendered":"http:\/\/spdwoelfersheim.de\/?p=1053"},"modified":"2021-01-12T13:40:58","modified_gmt":"2021-01-12T11:40:58","slug":"eine-starke-stimme-fuer-arbeitnehmer","status":"publish","type":"post","link":"http:\/\/spdwoelfersheim.de\/?p=1053","title":{"rendered":"Eine starke Stimme f\u00fcr Arbeitnehmer"},"content":{"rendered":"<p style=\"font-weight: 400;\">Die Wetterauer SPD hat f\u00fcr den Wahlkreis Nord, bestehend aus Butzbach, Bad Nauheim, Echzell, Rockenberg, Ober-M\u00f6rlen, M\u00fcnzenberg und W\u00f6lfersheim den Vollblut-Gewerkschafter Karl Otto Waas aus W\u00f6lfersheim als Landtagskandidaten nominiert. Er setzte sich im Rahmen einer Wahlkreiskonferenz in Reichelsheim-Beienheim mit 25 zu 19 Stimmen gegen Tobias Gniza aus Rockenberg durch, der ihm als Ersatzkandidat zur Seite stehen wird. Die Konferenz war von einem sehr fairen Umgang miteinander und gro\u00dfer gegenseitiger Wertsch\u00e4tzung gepr\u00e4gt.<\/p>\n<p style=\"font-weight: 400;\">Die Wetterauer Unterbezirksvorsitzende Lisa Gnadl er\u00f6ffnete die Wahlkreiskonferenz und betonte, dass beide Kandidaten hervorragende Repr\u00e4sentanten der Wetterauer SPD sind und man sich gl\u00fccklich sch\u00e4tzen k\u00f6nne, die Wahl zwischen zwei guten Kandidaten zu haben. Den Auftakt machte Tobias Gniza mit einer sehr guten Rede, in der er insbesondere seine Schwerpunkte Bildung, Kampf gegen Rechtsradikalismus und Gerechtigkeit in den Fokus r\u00fcckte. Anschlie\u00dfend sprach Karl Otto Waas, der sich ganz auf sein Lebensthema \u201eArbeitnehmerrechte\u201c konzentrierte und damit die Mehrheit der Delegierten \u00fcberzeugte: \u201eIch wurde 1963 in der Bergbaugemeinde W\u00f6lfersheim als Kind einer neunk\u00f6pfigen Arbeiterfamilie geboren. Fr\u00fch habe ich gelernt, dass Wohlstand nicht selbstverst\u00e4ndlich ist und Arbeitnehmer f\u00fcr ihre Rechte k\u00e4mpfen m\u00fcssen, wenn sie sich nichts gefallen lassen und was erreichen wollen.\u201c Waas erz\u00e4hlte von den Entbehrungen als Kind einer echten Arbeiterfamilie. \u201eMein Vater war Bauhelfer und es gab damals noch keine Schlechtwetterregelung. Darunter habe ich als Kind gelitten und f\u00fcr eine Verbesserung habe ich als Erwachsener gek\u00e4mpft.\u201c Er selbst hat seine Ausbildung als Zimmerer 1982 mit Gesellenbrief abgeschlossen. Er ist stolz, Zimmermann zu sein und zeigte dies auch bei der Wahlkreiskonferenz durch das Tragen der traditionellen Zimmermannskluft. \u201eEs war f\u00fcr mich eine Selbstverst\u00e4ndlichkeit mit Beginn der Ausbildung in die IG Bauen-Agrar-Umwelt einzutreten und Sozialdemokrat zu werden. Mitgliedschaften alleine sind aber nicht mein Ding. Ich packe an, engagiere mich und bringe mich ein.\u201c Dass dies nicht nur hohle Worte sind zeigt ein Blick in den Lebenslauf von Karl Otto Waas. Heute ist er DGB-Kreisvorsitzender, Vorsitzender der Arbeitsgemeinschaft f\u00fcr Arbeitnehmerfragen (AfA) der Wetterauer SPD und hat einige weitere Ehren\u00e4mter in den Gewerkschaften und der SPD inne. In seiner Heimatgemeinde ist er Vorsitzender des SPD-Ortsbezirks W\u00f6lfersheim und Gemeindevertreter. \u201eMein politisches Engagement hat den Schwerpunkt Vertretung von Arbeitnehmerinteressen. Mir ist es wichtig, f\u00fcr arbeitsfreie Sonntage genauso zu k\u00e4mpfen wie f\u00fcr die Tarifbindung und arbeitnehmerfreundliche Ladenschlussgesetze. Mein Leben ist davon gepr\u00e4gt, dass ich mich gerne f\u00fcr andere einsetze und f\u00fcr sie stark mache. Mein Motto lautet immer: Wenn es mit Hilfe der SPD gesellschaftlich vorangeht, dann geht es den Menschen gut. Daf\u00fcr k\u00e4mpfe ich, daf\u00fcr werde ich stets eintreten,\u201c so Waas, der verheiratet ist und einen erwachsenen Sohn hat.<\/p>\n<p style=\"font-weight: 400;\">In der anschlie\u00dfenden Aussprache machten sich der AfA-Bezirksvorsitzende Rainer Bicknase, der M\u00fcnzenberger Ortsvereinsvorsitzende Markus Herrmann und der ehemalige Landrat und Unterbezirksvorsitzende Joachim Arnold f\u00fcr Karl Otto Waas stark. \u201eKarl Otto Waas ist kein geschliffener Redner, das merkt man selbstverst\u00e4ndlich sofort. Aber er wird eine starke Stimme f\u00fcr die Rechte und Interessen der Arbeitnehmer in Wiesbaden sein. Er hat sein Herz am rechten Fleck, kennt die Sorgen und N\u00f6te der Arbeiter aus eigener Lebenserfahrung und steht f\u00fcr unsere sozialdemokratischen Werte wie kaum jemand sonst.\u201c waren sich die drei einig.<\/p>\n<p style=\"font-weight: 400;\">SPD-Unterbezirksvorsitzende Lisa Gnadl dankte den beiden Kandidaten f\u00fcr ihren fairen Wettstreit und w\u00fcnschte Karl Otto Waas alles Gute: \u201eNorbert Kartmann bekommt mit Karl Otto Waas einen Konkurrenten, der bodenst\u00e4ndig und anst\u00e4ndig ist. Karl Otto k\u00e4mpft nicht nur f\u00fcr die Interessen der Arbeiter, er ist selber einer. Er steht t\u00e4glich auf den D\u00e4chern der Wetterau und wei\u00df was es hei\u00dft, bei Wind und Wetter harte Arbeit zu leisten. Ich bin mir sicher, dass er einen engagierten Wahlkampf f\u00fchren wird. Die W\u00e4hler k\u00f6nnen entscheiden, ob sie einen Landtagsabgeordneten Kartmann w\u00e4hlen wollen, der eigentlich gar nicht mehr antreten wollte und seinem Parteikollegen Armin H\u00e4user durch die Hintert\u00fcr ins Parlament helfen wollte, oder ob sie ihre Stimme einem ehrlichen und aufrechten Arbeiter geben, der f\u00fcr ihre Interessen in Wiesbaden arbeiten und k\u00e4mpfen wird.\u201c<\/p>\n","protected":false},"excerpt":{"rendered":"<p>Die Wetterauer SPD hat f\u00fcr den Wahlkreis Nord, bestehend aus Butzbach, Bad Nauheim, Echzell, Rockenberg, Ober-M\u00f6rlen, M\u00fcnzenberg und W\u00f6lfersheim den Vollblut-Gewerkschafter Karl Otto Waas aus W\u00f6lfersheim als Landtagskandidaten nominiert. Er setzte sich im Rahmen einer Wahlkreiskonferenz in Reichelsheim-Beienheim mit 25 zu 19 Stimmen gegen Tobias Gniza aus Rockenberg durch, der ihm als Ersatzkandidat zur Seite [&hellip;]<\/p>\n","protected":false},"author":6,"featured_media":1056,"comment_status":"closed","ping_status":"open","sticky":false,"template":"","format":"standard","meta":{"rop_custom_images_group":[],"rop_custom_messages_group":[],"rop_publish_now":"initial","rop_publish_now_accounts":[],"rop_publish_now_history":[],"rop_publish_now_status":"pending","footnotes":""},"categories":[1],"tags":[490,491,489],"class_list":["post-1053","post","type-post","status-publish","format-standard","has-post-thumbnail","hentry","category-allgemein","tag-arbeitnehmer","tag-starke","tag-stimme"],"_links":{"self":[{"href":"http:\/\/spdwoelfersheim.de\/index.php?rest_route=\/wp\/v2\/posts\/1053","targetHints":{"allow":["GET"]}}],"collection":[{"href":"http:\/\/spdwoelfersheim.de\/index.php?rest_route=\/wp\/v2\/posts"}],"about":[{"href":"http:\/\/spdwoelfersheim.de\/index.php?rest_route=\/wp\/v2\/types\/post"}],"author":[{"embeddable":true,"href":"http:\/\/spdwoelfersheim.de\/index.php?rest_route=\/wp\/v2\/users\/6"}],"replies":[{"embeddable":true,"href":"http:\/\/spdwoelfersheim.de\/index.php?rest_route=%2Fwp%2Fv2%2Fcomments&post=1053"}],"version-history":[{"count":1,"href":"http:\/\/spdwoelfersheim.de\/index.php?rest_route=\/wp\/v2\/posts\/1053\/revisions"}],"predecessor-version":[{"id":1055,"href":"http:\/\/spdwoelfersheim.de\/index.php?rest_route=\/wp\/v2\/posts\/1053\/revisions\/1055"}],"wp:featuredmedia":[{"embeddable":true,"href":"http:\/\/spdwoelfersheim.de\/index.php?rest_route=\/wp\/v2\/media\/1056"}],"wp:attachment":[{"href":"http:\/\/spdwoelfersheim.de\/index.php?rest_route=%2Fwp%2Fv2%2Fmedia&parent=1053"}],"wp:term":[{"taxonomy":"category","embeddable":true,"href":"http:\/\/spdwoelfersheim.de\/index.php?rest_route=%2Fwp%2Fv2%2Fcategories&post=1053"},{"taxonomy":"post_tag","embeddable":true,"href":"http:\/\/spdwoelfersheim.de\/index.php?rest_route=%2Fwp%2Fv2%2Ftags&post=1053"}],"curies":[{"name":"wp","href":"https:\/\/api.w.org\/{rel}","templated":true}]}}