{"id":1076,"date":"2018-07-16T16:45:30","date_gmt":"2018-07-16T14:45:30","guid":{"rendered":"http:\/\/spdwoelfersheim.de\/?p=1076"},"modified":"2021-01-12T13:40:10","modified_gmt":"2021-01-12T11:40:10","slug":"einweihung-kita-villa-kunterbunt","status":"publish","type":"post","link":"http:\/\/spdwoelfersheim.de\/?p=1076","title":{"rendered":"Einweihung KiTa Villa Kunterbunt"},"content":{"rendered":"<p>Stimmengemurmel vor dem Neubau der Kita Villa Kunterbunt in der Berliner Stra\u00dfe. Wir Erwachsenen warten auf die Hauptakteure des Tages, auf f\u00fcnfundvierzig niedliche Knirpse, die das neue Geb\u00e4ude mit Leben f\u00fcllen sollen.<\/p>\n<p>Heute ist der Tag des Umzugs. Pl\u00f6tzlich h\u00f6rt man den L\u00e4rm von Trillerpfeifen. Ein langer Zug kleiner Kinder mit gelben Bauarbeiterhelmen auf dem Kopf biegt um die Ecke. Es macht ihnen sichtlich Spa\u00df, sich lautstark bemerkbar zu machen. In Zweierreihen und unter Applaus ziehen sie mit ihren Erzieherinnen in das neue Geb\u00e4ude ein. Danach d\u00fcrfen wir neugierigen Erwachsenen folgen. Die Kleinen haben Lieder, T\u00e4nze und Pantomime einstudiert, um uns Erwachsene zu begr\u00fc\u00dfen. Danach ist die Stunde der Honoratioren gekommen. Unser damaliger B\u00fcrgermeister Rouven K\u00f6tter begr\u00fc\u00dft zahlreiche G\u00e4ste: die Sozialdezernentin Stephanie Becker-B\u00f6sch, Mitarbeiter der Gemeinde, Vertreter der am Bau beteiligten Planer und Firmen, zahlreiche Mitglieder der Gemeindevertretung sowie des Gemeindevorstandes und nat\u00fcrlich viele Eltern, Omas und Opas. Nach Reden und Gl\u00fcckw\u00fcnschen zum gelungenen Neubau d\u00fcrfen wir die R\u00e4ume in Augenschein nehmen. Drei Gruppenr\u00e4ume, zwei Schlafr\u00e4ume, alles hell und h\u00fcbsch eingerichtet, den Innenhof, K\u00fcche und Wirtschaftsr\u00e4ume. In die Planung sind Ideen der Fachbereichsleiterin Nicole Lehmann und ihrer Vorg\u00e4ngerin Christiane Wurst eingeflossen. Es gibt einen Wickeltisch f\u00fcr die ganz Kleinen der Nestgruppe und daneben putzige, klitzekleine Toiletten. Wir sind entz\u00fcckt. Einer der Bauplaner, der unser Gespr\u00e4ch mit anh\u00f6rt, kontert trocken: Die kosten genauso viel wie die gro\u00dfen\u201c. Das ganze Geb\u00e4ude ist in einer energetisch sinnvollen<\/p>\n<p>Bauweise errichtet worden, nat\u00fcrlich mit Photovoltaikanlage auf dem Dach. Unser sch\u00f6ner neuer Kindergarten dient bereits anderen Kommunen als Vorbild. B\u00fcrgermeister Adolf Ludwig (Limeshein) informierte sich schon vor Ort \u00fcber die neue Kita.<\/p>\n<p>Die neue KiTa in Zahlen<\/p>\n<p>GR\u00d6SSE DES GRUNDST\u00dcCKS: bebaute Fl\u00e4che 3.500m\u00b2,Grundst\u00fcck insgesamt 6.188m\u00b2.<\/p>\n<p>GR\u00d6SSE DES GEB\u00c4UDES: 814 m\u00b2 Bruttogeschossfl\u00e4che<\/p>\n<p>ANZAHL DER PL\u00c4TZE (U3):  12 bis maximal 17<\/p>\n<p>ANZAHL DER PL\u00c4TZE (\u00dc3): 45 (bei 17 U3-Kindern maximal 40)<\/p>\n<p>ANZAHL ERZIEHER: 8<\/p>\n<p>BAUBEGINN: 11\/2016<\/p>\n<p>BAUENDE: 01\/2018<\/p>\n<p>HEIZUNGSANLAGE: Gastherme, L\u00fcftungsanlage und PV-Anlage mit Eigenstromversorgung<\/p>\n<p>GESAMTKOSTEN: rund 2.500.000 EUR<\/p>\n","protected":false},"excerpt":{"rendered":"<p>Stimmengemurmel vor dem Neubau der Kita Villa Kunterbunt in der Berliner Stra\u00dfe. Wir Erwachsenen warten auf die Hauptakteure des Tages, auf f\u00fcnfundvierzig niedliche Knirpse, die das neue Geb\u00e4ude mit Leben f\u00fcllen sollen. Heute ist der Tag des Umzugs. Pl\u00f6tzlich h\u00f6rt man den L\u00e4rm von Trillerpfeifen. Ein langer Zug kleiner Kinder mit gelben Bauarbeiterhelmen auf dem [&hellip;]<\/p>\n","protected":false},"author":6,"featured_media":1078,"comment_status":"closed","ping_status":"open","sticky":false,"template":"","format":"standard","meta":{"rop_custom_images_group":[],"rop_custom_messages_group":[],"rop_publish_now":"initial","rop_publish_now_accounts":[],"rop_publish_now_history":[],"rop_publish_now_status":"pending","footnotes":""},"categories":[1],"tags":[488,486,485,487],"class_list":["post-1076","post","type-post","status-publish","format-standard","has-post-thumbnail","hentry","category-allgemein","tag-einweihung","tag-kita","tag-kunterbunt","tag-villa"],"_links":{"self":[{"href":"http:\/\/spdwoelfersheim.de\/index.php?rest_route=\/wp\/v2\/posts\/1076","targetHints":{"allow":["GET"]}}],"collection":[{"href":"http:\/\/spdwoelfersheim.de\/index.php?rest_route=\/wp\/v2\/posts"}],"about":[{"href":"http:\/\/spdwoelfersheim.de\/index.php?rest_route=\/wp\/v2\/types\/post"}],"author":[{"embeddable":true,"href":"http:\/\/spdwoelfersheim.de\/index.php?rest_route=\/wp\/v2\/users\/6"}],"replies":[{"embeddable":true,"href":"http:\/\/spdwoelfersheim.de\/index.php?rest_route=%2Fwp%2Fv2%2Fcomments&post=1076"}],"version-history":[{"count":1,"href":"http:\/\/spdwoelfersheim.de\/index.php?rest_route=\/wp\/v2\/posts\/1076\/revisions"}],"predecessor-version":[{"id":1077,"href":"http:\/\/spdwoelfersheim.de\/index.php?rest_route=\/wp\/v2\/posts\/1076\/revisions\/1077"}],"wp:featuredmedia":[{"embeddable":true,"href":"http:\/\/spdwoelfersheim.de\/index.php?rest_route=\/wp\/v2\/media\/1078"}],"wp:attachment":[{"href":"http:\/\/spdwoelfersheim.de\/index.php?rest_route=%2Fwp%2Fv2%2Fmedia&parent=1076"}],"wp:term":[{"taxonomy":"category","embeddable":true,"href":"http:\/\/spdwoelfersheim.de\/index.php?rest_route=%2Fwp%2Fv2%2Fcategories&post=1076"},{"taxonomy":"post_tag","embeddable":true,"href":"http:\/\/spdwoelfersheim.de\/index.php?rest_route=%2Fwp%2Fv2%2Ftags&post=1076"}],"curies":[{"name":"wp","href":"https:\/\/api.w.org\/{rel}","templated":true}]}}