{"id":1084,"date":"2018-08-16T17:12:56","date_gmt":"2018-08-16T15:12:56","guid":{"rendered":"http:\/\/spdwoelfersheim.de\/?p=1084"},"modified":"2021-01-12T13:40:10","modified_gmt":"2021-01-12T11:40:10","slug":"spd-soedel-brunnenfest-faellt-dieses-jahr-aus","status":"publish","type":"post","link":"http:\/\/spdwoelfersheim.de\/?p=1084","title":{"rendered":"SPD S\u00f6del: Brunnenfest f\u00e4llt dieses Jahr aus"},"content":{"rendered":"<p>Liebe S\u00f6deler und (nat\u00fcrlich auch) liebe S\u00f6delerinnen!<br \/>\nImmer wieder mal werden wir gefragt, wann denn dieses Jahr das Brunnenfest am Kirchplatz stattfindet. Es freut uns nat\u00fcrlich, dass man unser traditionelles Fest so sehr vermisst. Aber wir m\u00fcssen euch leider entt\u00e4uschen: Das Brunnenfest der S\u00f6deler SPD f\u00e4llt in 2018 aus. Schweren Herzens verzichten wir in diesem Jahr auf die Ausrichtung des Festes, weil durch die zahlreichen Veranstaltungen rings um S\u00f6del und W\u00f6lfersheim kein Termin gefunden werden konnte, an dem wir nicht mit irgendeiner anderen Veranstaltung in Konkurrenz getreten w\u00e4ren. Und das wollen wir nicht. Neben den vielen Veranstaltungen anl\u00e4sslich der 1200-Jahr-Feiern in Berstadt und Melbach gab es noch viele andere Aktivit\u00e4ten, denen wir in die Quere gekommen w\u00e4ren. Ein gutes Verh\u00e4ltnis der SPD zu den Ortsvereinen ist uns aber wichtig. &#8211; Dennoch bleiben wir nicht unt\u00e4tig und \u201eaufgeschoben\u201c ist nicht \u201eaufgehoben\u201c: Am zweiten Septemberwochenende wollen wir endlich unsere Tempo-30-Warnschilder bemalen und nat\u00fcrlich findet am ersten Advent wieder der Adventsmarkt der SPD zusammen mit der S\u00f6deler Feuerwehr statt. Und f\u00fcr 2019 ist das Brunnenfest schon fest eingeplant. &#8211; Ach ja, und ganz wichtig: am 28.Oktober gibt\u2019s die einmalige Gelegenheit einen W\u00f6lfersheimer SPD-Kandidaten in den Hessischen Landtag zu w\u00e4hlen. Karl-Otto-Waas will unsere Heimat in Wiesbaden vertreten. Diese Chance sollten wir unbedingt nutzen und zur Landtagswahl gehen.<\/p>\n","protected":false},"excerpt":{"rendered":"<p>Liebe S\u00f6deler und (nat\u00fcrlich auch) liebe S\u00f6delerinnen! Immer wieder mal werden wir gefragt, wann denn dieses Jahr das Brunnenfest am Kirchplatz stattfindet. Es freut uns nat\u00fcrlich, dass man unser traditionelles Fest so sehr vermisst. Aber wir m\u00fcssen euch leider entt\u00e4uschen: Das Brunnenfest der S\u00f6deler SPD f\u00e4llt in 2018 aus. Schweren Herzens verzichten wir in diesem [&hellip;]<\/p>\n","protected":false},"author":6,"featured_media":961,"comment_status":"closed","ping_status":"open","sticky":false,"template":"","format":"standard","meta":{"rop_custom_images_group":[],"rop_custom_messages_group":[],"rop_publish_now":"initial","rop_publish_now_accounts":[],"rop_publish_now_history":[],"rop_publish_now_status":"pending","footnotes":""},"categories":[1],"tags":[482,76,484,483,481,74,36],"class_list":["post-1084","post","type-post","status-publish","format-standard","has-post-thumbnail","hentry","category-allgemein","tag-aus","tag-brunnenfest","tag-dieses","tag-faellt","tag-jahr","tag-soedel","tag-spd"],"_links":{"self":[{"href":"http:\/\/spdwoelfersheim.de\/index.php?rest_route=\/wp\/v2\/posts\/1084","targetHints":{"allow":["GET"]}}],"collection":[{"href":"http:\/\/spdwoelfersheim.de\/index.php?rest_route=\/wp\/v2\/posts"}],"about":[{"href":"http:\/\/spdwoelfersheim.de\/index.php?rest_route=\/wp\/v2\/types\/post"}],"author":[{"embeddable":true,"href":"http:\/\/spdwoelfersheim.de\/index.php?rest_route=\/wp\/v2\/users\/6"}],"replies":[{"embeddable":true,"href":"http:\/\/spdwoelfersheim.de\/index.php?rest_route=%2Fwp%2Fv2%2Fcomments&post=1084"}],"version-history":[{"count":1,"href":"http:\/\/spdwoelfersheim.de\/index.php?rest_route=\/wp\/v2\/posts\/1084\/revisions"}],"predecessor-version":[{"id":1085,"href":"http:\/\/spdwoelfersheim.de\/index.php?rest_route=\/wp\/v2\/posts\/1084\/revisions\/1085"}],"wp:featuredmedia":[{"embeddable":true,"href":"http:\/\/spdwoelfersheim.de\/index.php?rest_route=\/wp\/v2\/media\/961"}],"wp:attachment":[{"href":"http:\/\/spdwoelfersheim.de\/index.php?rest_route=%2Fwp%2Fv2%2Fmedia&parent=1084"}],"wp:term":[{"taxonomy":"category","embeddable":true,"href":"http:\/\/spdwoelfersheim.de\/index.php?rest_route=%2Fwp%2Fv2%2Fcategories&post=1084"},{"taxonomy":"post_tag","embeddable":true,"href":"http:\/\/spdwoelfersheim.de\/index.php?rest_route=%2Fwp%2Fv2%2Ftags&post=1084"}],"curies":[{"name":"wp","href":"https:\/\/api.w.org\/{rel}","templated":true}]}}