{"id":1087,"date":"2018-10-24T09:34:22","date_gmt":"2018-10-24T07:34:22","guid":{"rendered":"http:\/\/spdwoelfersheim.de\/?p=1087"},"modified":"2021-01-12T13:40:09","modified_gmt":"2021-01-12T11:40:09","slug":"gas-weg-fuer-unsre-soedeler-kids","status":"publish","type":"post","link":"http:\/\/spdwoelfersheim.de\/?p=1087","title":{"rendered":"GAS WEG! &#8211; f\u00fcr uns`re S\u00f6deler Kids"},"content":{"rendered":"<p><span style=\"font-family: Arial, serif;\">Die Gemeinde W\u00f6lfersheim hat bereits Tempo 30 fast im gesamten Gemeindegebiet zur Pflicht gemacht. Doch wollte der SPD-Ortsbezirk S\u00f6del noch ein wenig mehr zur Sicherheit der j\u00fcngsten Verkehrsteilnehmer beitragen, damit auch der Letzte merkt, dass man langsam fahren soll. Gerade jetzt, wenn die dunklere Jahreszeit beginnt, sind unsere J\u00fcngsten auf dem Weg zur Schule oder Kindergarten besonders gef\u00e4hrdet. Deshalb hatte die S\u00f6deler SPD zum zweiten Mal dazu aufgerufen, nette Schilder aufzustellen, die zum langsamer Fahren aufrufen. \u201eDiese lustigen Minions-Schilder, welche die Autofahrer ermahnen, nun besonders vorsichtig zu fahren, sind eine typische kreative Idee der S\u00f6deler SPD. Ich hoffe, dass sie dazu beitragen, dass auf unsere Kids im S\u00f6del mehr R\u00fccksicht genommen wird\u201c, betonte SPD-Landtagskandidat Karl-Otto-Waas, der den S\u00f6deler Genossen beim Aufstellen zur Hand ging. Bedanken m\u00f6chte sich die SPD-S\u00f6del besonders bei Familie Kaehne, die Hof und Garage f\u00fcr die Mal-Aktion zur Verf\u00fcgung gestellt hatte. Die 12 Minion-Figuren hatte SPD-Fraktionschef Pulkert zuvor aus Dachverlegeplatten \u2013 eine Spende von B\u00fcrgermeister Eike See- ausges\u00e4gt. Der Ortsbezirk S\u00f6del sorgte f\u00fcr Farbe und Pinsel, so dass ein Sonntag lang der Hof von Familie Kaehne zum Minion-Atelier wurde. &#8211; Ein gutes Beispiel f\u00fcr den sozialen Gemeinsinn der S\u00f6deler SPD-Genossen. Bleibt zu hoffen, dass die Schilder bald von den beteiligten Familien \u00f6ffentlich zur Mahnung aufgestellt sind und so ihren Zweck als Tempobremse erf\u00fcllen k\u00f6nnen.<\/span><\/p>\n","protected":false},"excerpt":{"rendered":"<p>Die Gemeinde W\u00f6lfersheim hat bereits Tempo 30 fast im gesamten Gemeindegebiet zur Pflicht gemacht. Doch wollte der SPD-Ortsbezirk S\u00f6del noch ein wenig mehr zur Sicherheit der j\u00fcngsten Verkehrsteilnehmer beitragen, damit auch der Letzte merkt, dass man langsam fahren soll. Gerade jetzt, wenn die dunklere Jahreszeit beginnt, sind unsere J\u00fcngsten auf dem Weg zur Schule oder [&hellip;]<\/p>\n","protected":false},"author":6,"featured_media":0,"comment_status":"closed","ping_status":"open","sticky":false,"template":"","format":"standard","meta":{"rop_custom_images_group":[],"rop_custom_messages_group":[],"rop_publish_now":"initial","rop_publish_now_accounts":[],"rop_publish_now_history":[],"rop_publish_now_status":"pending","footnotes":""},"categories":[1],"tags":[357,478,480,288,479,477],"class_list":["post-1087","post","type-post","status-publish","format-standard","hentry","category-allgemein","tag-357","tag-gas","tag-kids","tag-soedeler","tag-unsre","tag-weg"],"_links":{"self":[{"href":"http:\/\/spdwoelfersheim.de\/index.php?rest_route=\/wp\/v2\/posts\/1087","targetHints":{"allow":["GET"]}}],"collection":[{"href":"http:\/\/spdwoelfersheim.de\/index.php?rest_route=\/wp\/v2\/posts"}],"about":[{"href":"http:\/\/spdwoelfersheim.de\/index.php?rest_route=\/wp\/v2\/types\/post"}],"author":[{"embeddable":true,"href":"http:\/\/spdwoelfersheim.de\/index.php?rest_route=\/wp\/v2\/users\/6"}],"replies":[{"embeddable":true,"href":"http:\/\/spdwoelfersheim.de\/index.php?rest_route=%2Fwp%2Fv2%2Fcomments&post=1087"}],"version-history":[{"count":2,"href":"http:\/\/spdwoelfersheim.de\/index.php?rest_route=\/wp\/v2\/posts\/1087\/revisions"}],"predecessor-version":[{"id":1091,"href":"http:\/\/spdwoelfersheim.de\/index.php?rest_route=\/wp\/v2\/posts\/1087\/revisions\/1091"}],"wp:attachment":[{"href":"http:\/\/spdwoelfersheim.de\/index.php?rest_route=%2Fwp%2Fv2%2Fmedia&parent=1087"}],"wp:term":[{"taxonomy":"category","embeddable":true,"href":"http:\/\/spdwoelfersheim.de\/index.php?rest_route=%2Fwp%2Fv2%2Fcategories&post=1087"},{"taxonomy":"post_tag","embeddable":true,"href":"http:\/\/spdwoelfersheim.de\/index.php?rest_route=%2Fwp%2Fv2%2Ftags&post=1087"}],"curies":[{"name":"wp","href":"https:\/\/api.w.org\/{rel}","templated":true}]}}