{"id":1093,"date":"2018-11-11T11:43:09","date_gmt":"2018-11-11T09:43:09","guid":{"rendered":"http:\/\/spdwoelfersheim.de\/?p=1093"},"modified":"2021-01-12T13:40:09","modified_gmt":"2021-01-12T11:40:09","slug":"halbjahresmitgliederversammlung-des-spd-ortsvereins-woelfersheim-lobenswertes-engagement-und-selbstkritik","status":"publish","type":"post","link":"http:\/\/spdwoelfersheim.de\/?p=1093","title":{"rendered":"Halbjahres-Mitgliederversammlung des SPD Ortsvereins W\u00f6lfersheim: lobenswertes Engagement und Selbstkritik"},"content":{"rendered":"<p><span style=\"font-family: times;\">Unterbezirksvorsitzender Joachim Arnold, Walter Schutt (60 Jahre in der SPD), Erika Polster und Gerhard K\u00fcnstler (beide 50 Jahre in der SPD), Ortsvereinsvorsitzender Gerhard Weber, Landtagskandidat Karl Otto Waas<\/span><\/br><\/p>\n<p>SPD Ortsvereinsvorsitzender Gerhard Weber er\u00f6ffnete am 08.November in den Vereinsr\u00e4umen der Wetterauhalle die gut besuchte Halbjahresmitglieder-versammlung der W\u00f6lfersheimer SPD. Als G\u00e4ste begr\u00fc\u00dfte Weber besonders den ehemaligen Landrat des Wetteraukreises und Unterbezirksvorsitzenden Joachim Arnold sowie den W\u00f6lfersheimer Landtagskandidaten Karl Otto Waas. Beiden war es eine besondere Ehre, den SPD Jubilaren an diesem Abend zu gratulieren. Burkhard G\u00fcnther wurde in Abwesenheit f\u00fcr 25 Jahre Mitgliedschaft in der SPD geehrt. Erika Polster und Gerhard K\u00fcnstler erhielten die Ehrung f\u00fcr 50 Jahre SPD-Mitgliedschaft und Walter Schutt konnte sogar f\u00fcr 60 Jahren Treue zur Sozialdemokratie ausgezeichnet werden. Arnold, Waas und Ortsvereinsvorsitzender Weber \u00fcberreichten den Jubilaren die Ehrenurkunde mit Nadel sowie ein kleines Pr\u00e4sent und lobten in ihren Dankesworten das langj\u00e4hrige Engagement und die besondere Treue der Geehrten zur SPD. Die Versammlung spendete daf\u00fcr kr\u00e4ftigen Applaus.<\/p>\n<p>In seinem anschlie\u00dfenden Vorstandsbericht blickte Weber auf ein arbeitsintensives Jahr zur\u00fcck, in welchem vor allem die Wahlen das politische Jahr bestimmt hatten. W\u00e4hrend die B\u00fcrgermeisterwahl in W\u00f6lfersheim mit einem \u00fcberragenden Ergebnis des SPD-Kandidaten Eike See gewonnen worden war, waren die Ergebnisse der Landrats- und Landtagswahl leider entt\u00e4uschend f\u00fcr die Partei. Dennoch dankte Weber allen Unterst\u00fctzern und Helfern f\u00fcr ihren enormen Einsatz in den Wahlk\u00e4mpfen. Obwohl das Landesergebnis f\u00fcr die SPD ern\u00fcchternd gewesen sei, habe \u201eKarl Otto Waas ein respektables Ergebnis eingefahren.\u201c Er bedaure, \u201edass Karl Ottos Engagement nicht belohnt wurde und endlich wieder ein bodenst\u00e4ndiger Handwerker in den Landtag gekommen w\u00e4re.\u201c In seinem Bericht ging Weber weiter auf die vielen Aktivit\u00e4ten der SPD in W\u00f6lfersheim ein, die auch dazu beitr\u00fcgen, dass die Partei als ortsverbunden wahrgenommen werde. Weber appellierte daran, nicht \u00fcberm\u00fctig zu werden, sondern weiterhin berechenbare und kompetente Ortspolitik zu betreiben. Dies k\u00f6nne auch zuk\u00fcnftig Grundlage des W\u00f6lfersheimer Erfolgsweges sein. Die Akzeptanz der SPD in W\u00f6lfersheim dr\u00fccke sich, entgegen der allgemeinen Tendenz in Land und Bund, auch in der leicht steigenden Mitgliederzahl aus, betonte Weber.<br \/>\nDanach berichtete Fraktionsvorsitzender Pulkert von der Arbeit der SPD Fraktion im Gemeindeparlament. Den Wechsel im B\u00fcrgermeisteramt lobte er als \u201e\u00fcberraschend verwerfungsfrei\u201c, was eine konstante Weiterarbeit der Fraktion mit dem neuen B\u00fcrgermeister erwarten lasse. Bei der Arbeit der SPD-Fraktion betonte Pulkert die Initiativen der SPD zum Naturschutz mit Streuobstwiesenkonzept und Insektenschutz. Die Neuerarbeitung eines Friedhofkonzepts sowie des Entwicklungsplans zum W\u00f6lfersheimer See seien von der SPD-Fraktion in der Gemeindevertretung beantragt worden. Und im Bereich des inner\u00f6rtlichen Verkehrs seien zahlreiche Initiativen ergriffen worden. Vom Unternehmer \u00fcber Angestellte, Beamte, Handwerker bis hin zu Landwirt und Rentner seien alle Bev\u00f6lkerungs-gruppen in den Reihen der SPD-Fraktion vertreten. So bilde die SPD-Fraktion das gesamte Spektrum der Bev\u00f6lkerung im Gemeindeparlament ab. Das sei ein Garant f\u00fcr ausgewogene Entscheidungen der SPD-Mehrheit in der Gemeindevertretung, verk\u00fcndete Pulkert.<br \/>\nIn seinem Bericht bedankte sich Landtagskandidat Karl Otto Waas f\u00fcr die r\u00fcckhaltlose Unterst\u00fctzung im Landtagswahlkampf, die er von Seiten der \u00f6rtlichen SPD in erfahren habe. Obwohl er nun nicht in den hessischen Landtag einziehe, bleibe er seinen Prinzipien treu und werde weiter als Gewerkschafter f\u00fcr die Bed\u00fcrfnisse der \u201ekleinen Leute\u201c k\u00e4mpfen, so Waas. Als Kandidat aus der Arbeiter- und Handwerkerschicht habe er den Wahlkampf aus einem anderen Blickwinkel erfahren und mancherorts die Arroganz der politisch Etablierten als negativ empfunden. Egoismen und pers\u00f6nliche Empfindlichkeiten m\u00fcssten viel deutlicher den gemeinsamen Zielen untergeordnet werden, forderte Waas.<br \/>\nB\u00fcrgermeister Eike See zog ein positives Fazit seiner recht kurzen Amtszeit, in der er doch einige Erfolge verzeichnen konnte. Die Gemeinde entwickle sich insgesamt sehr positiv. In einigen Bereichen sei man als kleine Gemeinde durchaus in der Lage sich mit namhafteren Kommunen messen zu k\u00f6nnen. Kinderbetreuung, kulturelle Angebote, schulische Entwicklung seien nur einige Beispiele daf\u00fcr. Dennoch komme man zuk\u00fcnftig nicht umhin, Grund- und Gewerbesteuer moderat zu erh\u00f6hen. Man bleibe mit dem W\u00f6lfersheimer Steuerbeitrag aber immer noch einer der preiswertesten Kommunen Wetteraukreis. Steigende Kosten bei Kinderbetreuung und Personal, fehlende Gelder von Schl\u00fcsselzuweisungen und kommunalem Finanzausgleich von Seiten des Landes Hessen seien daf\u00fcr verantwortlich. Andererseits k\u00f6nnen sich die W\u00f6lfersheimer B\u00fcrgerinnen und B\u00fcrger auf ein hohes Ma\u00df an kommunaler Qualit\u00e4t verlassen.<br \/>\nOrtsvereinsvorsitzender Gerhard Weber, gleichzeitig auch Mitglied des Kreistages, kritisierte in diesem Zusammenhang auch das finanzielle Gebaren der CDU im Wetteraukreis. Nun w\u00fcrden die Errungenschaften des ehemaligen SPD-Landrats Arnold wie z.B. die finanzielle Konsolidierung des Kreishaushalts und Projekte wie die zum sozialen Wohnungsbau gef\u00e4hrdet.<br \/>\nNach den negativen Landtagswahlergebnissen in Bayern und Hessen wollten die W\u00f6lfersheimer Genossen\/innen gegen Ende der Versammlung nicht zur Tagesordnung \u00fcbergehen. Grunds\u00e4tzliche Kritik an der Art der SPD-Beteiligung in der gro\u00dfen Koalition in Berlin wurde laut. Man forderte glaubw\u00fcrdigere Verl\u00e4sslichkeit und Berechenbarkeit verbunden mit einer eindeutigen Haltung. Sozialdemokratische Positionen m\u00fcssten deutlicher vertreten und klarer dargestellt werden. Unseeliges Postengerangel m\u00fcsse zugunsten von Sachentscheidungen zur\u00fcckstehen. Gegen 23\u00b0\u00b0Uhr schloss Ortsvereinsvorsitzender Weber nach angeregter Diskussion die Mitgliederversammlung.<\/p>\n<p><a href=\"http:\/\/spdwoelfersheim.de\/wp-content\/uploads\/2018\/11\/20181108_201535.jpg\"><img loading=\"lazy\" decoding=\"async\" src=\"http:\/\/spdwoelfersheim.de\/wp-content\/uploads\/2018\/11\/20181108_201535.jpg\" alt=\"\" width=\"4608\" height=\"3456\" class=\"alignleft size-full wp-image-1098\" srcset=\"http:\/\/spdwoelfersheim.de\/wp-content\/uploads\/2018\/11\/20181108_201535.jpg 4608w, http:\/\/spdwoelfersheim.de\/wp-content\/uploads\/2018\/11\/20181108_201535-300x225.jpg 300w, http:\/\/spdwoelfersheim.de\/wp-content\/uploads\/2018\/11\/20181108_201535-768x576.jpg 768w, http:\/\/spdwoelfersheim.de\/wp-content\/uploads\/2018\/11\/20181108_201535-1024x768.jpg 1024w\" sizes=\"auto, (max-width: 4608px) 100vw, 4608px\" \/><\/a><br \/>\n<span style=\"font-family: times;\">Joachim Arnold und die drei Jubilare<\/span><\/p>\n","protected":false},"excerpt":{"rendered":"<p>Unterbezirksvorsitzender Joachim Arnold, Walter Schutt (60 Jahre in der SPD), Erika Polster und Gerhard K\u00fcnstler (beide 50 Jahre in der SPD), Ortsvereinsvorsitzender Gerhard Weber, Landtagskandidat Karl Otto Waas SPD Ortsvereinsvorsitzender Gerhard Weber er\u00f6ffnete am 08.November in den Vereinsr\u00e4umen der Wetterauhalle die gut besuchte Halbjahresmitglieder-versammlung der W\u00f6lfersheimer SPD. Als G\u00e4ste begr\u00fc\u00dfte Weber besonders den ehemaligen Landrat [&hellip;]<\/p>\n","protected":false},"author":6,"featured_media":1094,"comment_status":"closed","ping_status":"open","sticky":false,"template":"","format":"standard","meta":{"rop_custom_images_group":[],"rop_custom_messages_group":[],"rop_publish_now":"initial","rop_publish_now_accounts":[],"rop_publish_now_history":[],"rop_publish_now_status":"pending","footnotes":""},"categories":[1],"tags":[475,472,473,474,476,36,96],"class_list":["post-1093","post","type-post","status-publish","format-standard","has-post-thumbnail","hentry","category-allgemein","tag-engagement","tag-halbjahres-mitgliederversammlung","tag-lobenswertes","tag-ortsvereins","tag-selbstkritik","tag-spd","tag-woelfersheim"],"_links":{"self":[{"href":"http:\/\/spdwoelfersheim.de\/index.php?rest_route=\/wp\/v2\/posts\/1093","targetHints":{"allow":["GET"]}}],"collection":[{"href":"http:\/\/spdwoelfersheim.de\/index.php?rest_route=\/wp\/v2\/posts"}],"about":[{"href":"http:\/\/spdwoelfersheim.de\/index.php?rest_route=\/wp\/v2\/types\/post"}],"author":[{"embeddable":true,"href":"http:\/\/spdwoelfersheim.de\/index.php?rest_route=\/wp\/v2\/users\/6"}],"replies":[{"embeddable":true,"href":"http:\/\/spdwoelfersheim.de\/index.php?rest_route=%2Fwp%2Fv2%2Fcomments&post=1093"}],"version-history":[{"count":10,"href":"http:\/\/spdwoelfersheim.de\/index.php?rest_route=\/wp\/v2\/posts\/1093\/revisions"}],"predecessor-version":[{"id":1106,"href":"http:\/\/spdwoelfersheim.de\/index.php?rest_route=\/wp\/v2\/posts\/1093\/revisions\/1106"}],"wp:featuredmedia":[{"embeddable":true,"href":"http:\/\/spdwoelfersheim.de\/index.php?rest_route=\/wp\/v2\/media\/1094"}],"wp:attachment":[{"href":"http:\/\/spdwoelfersheim.de\/index.php?rest_route=%2Fwp%2Fv2%2Fmedia&parent=1093"}],"wp:term":[{"taxonomy":"category","embeddable":true,"href":"http:\/\/spdwoelfersheim.de\/index.php?rest_route=%2Fwp%2Fv2%2Fcategories&post=1093"},{"taxonomy":"post_tag","embeddable":true,"href":"http:\/\/spdwoelfersheim.de\/index.php?rest_route=%2Fwp%2Fv2%2Ftags&post=1093"}],"curies":[{"name":"wp","href":"https:\/\/api.w.org\/{rel}","templated":true}]}}