{"id":1107,"date":"2018-11-16T12:34:40","date_gmt":"2018-11-16T10:34:40","guid":{"rendered":"http:\/\/spdwoelfersheim.de\/?p=1107"},"modified":"2021-01-12T13:40:09","modified_gmt":"2021-01-12T11:40:09","slug":"soedeler-adventsmarkt-2018","status":"publish","type":"post","link":"http:\/\/spdwoelfersheim.de\/?p=1107","title":{"rendered":"S\u00f6deler Adventsmarkt 2018"},"content":{"rendered":"<p>Die Freiwillige Feuerwehr &#038; die SPD-S\u00f6del laden ein zum am Sa. 1. Dez., ab 14 Uhr S\u00f6deler Adventsmarkt unter dem geschm\u00fcckten Weihnachtsbaum auf dem Kirchplatz, um Sie mit Getr\u00e4nken und Leckereien zu verw\u00f6hnen.<br \/>\nAb 14 Uhr warten neben zahlreichen Verkaufsst\u00e4nden allerlei K\u00f6stlichkeiten, Backwaren, regionale Spezialit\u00e4ten und weihnachtliche Artikel auf Sie.<br \/>\nWir freuen uns auf Sie!<\/p>\n<p><a href=\"http:\/\/spdwoelfersheim.de\/wp-content\/uploads\/2018\/11\/002_19_Adventsmarkt_2018_FlyerA5_03-3.jpg\"><img loading=\"lazy\" decoding=\"async\" src=\"http:\/\/spdwoelfersheim.de\/wp-content\/uploads\/2018\/11\/002_19_Adventsmarkt_2018_FlyerA5_03-3.jpg\" alt=\"\" width=\"1748\" height=\"2480\" class=\"alignleft size-full wp-image-1108\" \/><\/a><\/p>\n","protected":false},"excerpt":{"rendered":"<p>Die Freiwillige Feuerwehr &#038; die SPD-S\u00f6del laden ein zum am Sa. 1. Dez., ab 14 Uhr S\u00f6deler Adventsmarkt unter dem geschm\u00fcckten Weihnachtsbaum auf dem Kirchplatz, um Sie mit Getr\u00e4nken und Leckereien zu verw\u00f6hnen. Ab 14 Uhr warten neben zahlreichen Verkaufsst\u00e4nden allerlei K\u00f6stlichkeiten, Backwaren, regionale Spezialit\u00e4ten und weihnachtliche Artikel auf Sie. Wir freuen uns auf Sie!<\/p>\n","protected":false},"author":6,"featured_media":0,"comment_status":"closed","ping_status":"open","sticky":false,"template":"","format":"standard","meta":{"rop_custom_images_group":[],"rop_custom_messages_group":[],"rop_publish_now":"initial","rop_publish_now_accounts":[],"rop_publish_now_history":[],"rop_publish_now_status":"pending","footnotes":""},"categories":[1],"tags":[237,173,288],"class_list":["post-1107","post","type-post","status-publish","format-standard","hentry","category-allgemein","tag-237","tag-adventsmarkt","tag-soedeler"],"_links":{"self":[{"href":"http:\/\/spdwoelfersheim.de\/index.php?rest_route=\/wp\/v2\/posts\/1107","targetHints":{"allow":["GET"]}}],"collection":[{"href":"http:\/\/spdwoelfersheim.de\/index.php?rest_route=\/wp\/v2\/posts"}],"about":[{"href":"http:\/\/spdwoelfersheim.de\/index.php?rest_route=\/wp\/v2\/types\/post"}],"author":[{"embeddable":true,"href":"http:\/\/spdwoelfersheim.de\/index.php?rest_route=\/wp\/v2\/users\/6"}],"replies":[{"embeddable":true,"href":"http:\/\/spdwoelfersheim.de\/index.php?rest_route=%2Fwp%2Fv2%2Fcomments&post=1107"}],"version-history":[{"count":1,"href":"http:\/\/spdwoelfersheim.de\/index.php?rest_route=\/wp\/v2\/posts\/1107\/revisions"}],"predecessor-version":[{"id":1110,"href":"http:\/\/spdwoelfersheim.de\/index.php?rest_route=\/wp\/v2\/posts\/1107\/revisions\/1110"}],"wp:attachment":[{"href":"http:\/\/spdwoelfersheim.de\/index.php?rest_route=%2Fwp%2Fv2%2Fmedia&parent=1107"}],"wp:term":[{"taxonomy":"category","embeddable":true,"href":"http:\/\/spdwoelfersheim.de\/index.php?rest_route=%2Fwp%2Fv2%2Fcategories&post=1107"},{"taxonomy":"post_tag","embeddable":true,"href":"http:\/\/spdwoelfersheim.de\/index.php?rest_route=%2Fwp%2Fv2%2Ftags&post=1107"}],"curies":[{"name":"wp","href":"https:\/\/api.w.org\/{rel}","templated":true}]}}