{"id":1112,"date":"2018-12-06T14:27:47","date_gmt":"2018-12-06T12:27:47","guid":{"rendered":"http:\/\/spdwoelfersheim.de\/?p=1112"},"modified":"2021-01-12T13:40:09","modified_gmt":"2021-01-12T11:40:09","slug":"adventsmarkt-soedel-dem-regen-knapp-entwischt","status":"publish","type":"post","link":"http:\/\/spdwoelfersheim.de\/?p=1112","title":{"rendered":"Adventsmarkt S\u00f6del: Dem Regen knapp entwischt"},"content":{"rendered":"<p>Seit dem Jahr 2000 stellt die S\u00f6deler SPD auf dem Kirchplatz einen Weihnachtsbaum auf. Auch das ehemalige Wiegeh\u00e4uschen wird mit Lichtern umrandet. Vorher packen unsere roten Engelchen von der SPD liebevoll P\u00e4ckchen, die zur Dekoration an den Baum geh\u00e4ngt werden. Dieser wird von gro\u00dfz\u00fcgigen Gartenbesitzern gestiftet und am Morgen \u201efrisch\u201c mit der Motors\u00e4ge geerntet. Danach wird der Baum zum S\u00f6deler Kirchplatz transportiert. Dort wird er aufgestellt , geschm\u00fcckt und beleuchtet &#8211; In diesem Jahr konnten wir wieder ein besonders sch\u00f6nes Exemplar mit roten B\u00e4ndern und P\u00e4ckchen schm\u00fccken. Wir danken Familie Pomahapsch, dass sie uns ihre stattliche Tanne aus dem Garten spendete.<br \/>\nMit der tatkr\u00e4ftigen Hilfe der Freiwilligen Feuerwehr S\u00f6del und mit Rainer Lindts uneigenn\u00fctzigem Einsatz konnte der Baum am S\u00f6deler Kirchplatz zur Freude von Klein und Gro\u00df aufgerichtet werden.<br \/>\nDer diesj\u00e4hrige S\u00f6deler Adventsmarkt \u00fcbertraf nun alle Vorg\u00e4nger: Aus W\u00f6lfersheims franz\u00f6sischer Partnerstadt L\u2019Isle-sur-le-Doubs war sogar eine Abordnung angereist, um franz\u00f6sische K\u00e4sespezialit\u00e4ten und s\u00fcffigen Wein aus unserem Nachbarland anzubieten. Die gelungene Mischung mit rustikalen Holzh\u00fctten, dem beleuchteten Wiegeh\u00e4uschen und dem geschm\u00fcckten Baum lockte viele kleine und gro\u00dfe Besucher zum S\u00f6deler Dorfmittelpunkt. Die Weihnachtslieder des Kinderchores der Jim-Knopf-Grundschule unter der Leitung von Frau Scop und Frau Wosch rundeten die vorweihnachtliche Stimmung musikalisch gekonnt ab. So fand man reichlich Gelegenheit zu einem Schw\u00e4tzchen mit neuen und alten Bekannten. Rundherum sah man zufriedene Gesichter und gl\u00e4nzende Augen, bis einsetzender Regen das Adventsfest zu Ende gehen lie\u00df.<br \/>\nWir w\u00fcnschen allen B\u00fcrgerinnen und B\u00fcrgern eine gesunde und stressarme Vorweihnachtszeit!<br \/>\nEure S\u00f6deler SPD<\/p>\n<style type=\"text\/css\">\n.post-gallery a {position: relative; display: inline-flex;}\n.post-gallery .is-video:before {\n    content: \"\\f236\"; position: absolute; font-family: Dashicons; font-size: 50px;\n    color: #fff; align-self: center; left: calc(50% - 25px); text-shadow: 0 0 4px #000;\n}\n.post-gallery .is-video:hover:before {color: rgba(255,255,255,0.8); text-shadow: none;}\n<\/style>\n<div class=\"post-gallery\">\n            <a href=\"http:\/\/spdwoelfersheim.de\/wp-content\/uploads\/2018\/12\/IMG_6656.jpg\"\n            class=\"swipebox \"\n            rel=\"post-gallery-1112\"\n            title=\"\"\n        >\n            <img decoding=\"async\" src=\"http:\/\/spdwoelfersheim.de\/wp-content\/uploads\/2026\/04\/1113-IMG_6656-150x150.jpg\"\n                alt=\"\"\n            \/>\n        <\/a>\n            <a href=\"http:\/\/spdwoelfersheim.de\/wp-content\/uploads\/2018\/12\/IMG-20181203-WA0008.jpg\"\n            class=\"swipebox \"\n            rel=\"post-gallery-1112\"\n            title=\"\"\n        >\n            <img decoding=\"async\" src=\"http:\/\/spdwoelfersheim.de\/wp-content\/uploads\/2026\/04\/1114-IMG-20181203-WA0008-150x150.jpg\"\n                alt=\"\"\n            \/>\n        <\/a>\n            <a href=\"http:\/\/spdwoelfersheim.de\/wp-content\/uploads\/2018\/12\/Rainer-Lindt-und-der-Weihnachtsbaum.jpg\"\n            class=\"swipebox \"\n            rel=\"post-gallery-1112\"\n            title=\"\"\n        >\n            <img decoding=\"async\" src=\"http:\/\/spdwoelfersheim.de\/wp-content\/uploads\/2026\/04\/1115-Rainer-Lindt-und-der-Weihnachtsbaum-150x150.jpg\"\n                alt=\"\"\n            \/>\n        <\/a>\n    <\/div>\n","protected":false},"excerpt":{"rendered":"<p>Seit dem Jahr 2000 stellt die S\u00f6deler SPD auf dem Kirchplatz einen Weihnachtsbaum auf. Auch das ehemalige Wiegeh\u00e4uschen wird mit Lichtern umrandet. Vorher packen unsere roten Engelchen von der SPD liebevoll P\u00e4ckchen, die zur Dekoration an den Baum geh\u00e4ngt werden. Dieser wird von gro\u00dfz\u00fcgigen Gartenbesitzern gestiftet und am Morgen \u201efrisch\u201c mit der Motors\u00e4ge geerntet. Danach [&hellip;]<\/p>\n","protected":false},"author":6,"featured_media":1116,"comment_status":"closed","ping_status":"open","sticky":false,"template":"","format":"standard","meta":{"rop_custom_images_group":[],"rop_custom_messages_group":[],"rop_publish_now":"initial","rop_publish_now_accounts":[],"rop_publish_now_history":[],"rop_publish_now_status":"pending","footnotes":""},"categories":[1],"tags":[173,471,74],"class_list":["post-1112","post","type-post","status-publish","format-standard","has-post-thumbnail","hentry","category-allgemein","tag-adventsmarkt","tag-regen","tag-soedel"],"_links":{"self":[{"href":"http:\/\/spdwoelfersheim.de\/index.php?rest_route=\/wp\/v2\/posts\/1112","targetHints":{"allow":["GET"]}}],"collection":[{"href":"http:\/\/spdwoelfersheim.de\/index.php?rest_route=\/wp\/v2\/posts"}],"about":[{"href":"http:\/\/spdwoelfersheim.de\/index.php?rest_route=\/wp\/v2\/types\/post"}],"author":[{"embeddable":true,"href":"http:\/\/spdwoelfersheim.de\/index.php?rest_route=\/wp\/v2\/users\/6"}],"replies":[{"embeddable":true,"href":"http:\/\/spdwoelfersheim.de\/index.php?rest_route=%2Fwp%2Fv2%2Fcomments&post=1112"}],"version-history":[{"count":1,"href":"http:\/\/spdwoelfersheim.de\/index.php?rest_route=\/wp\/v2\/posts\/1112\/revisions"}],"predecessor-version":[{"id":1117,"href":"http:\/\/spdwoelfersheim.de\/index.php?rest_route=\/wp\/v2\/posts\/1112\/revisions\/1117"}],"wp:featuredmedia":[{"embeddable":true,"href":"http:\/\/spdwoelfersheim.de\/index.php?rest_route=\/wp\/v2\/media\/1116"}],"wp:attachment":[{"href":"http:\/\/spdwoelfersheim.de\/index.php?rest_route=%2Fwp%2Fv2%2Fmedia&parent=1112"}],"wp:term":[{"taxonomy":"category","embeddable":true,"href":"http:\/\/spdwoelfersheim.de\/index.php?rest_route=%2Fwp%2Fv2%2Fcategories&post=1112"},{"taxonomy":"post_tag","embeddable":true,"href":"http:\/\/spdwoelfersheim.de\/index.php?rest_route=%2Fwp%2Fv2%2Ftags&post=1112"}],"curies":[{"name":"wp","href":"https:\/\/api.w.org\/{rel}","templated":true}]}}