{"id":1118,"date":"2018-12-07T20:52:10","date_gmt":"2018-12-07T18:52:10","guid":{"rendered":"http:\/\/spdwoelfersheim.de\/?p=1118"},"modified":"2021-01-12T13:40:09","modified_gmt":"2021-01-12T11:40:09","slug":"marathonwoche-der-woelfersheimer-gemeindevertretung","status":"publish","type":"post","link":"http:\/\/spdwoelfersheim.de\/?p=1118","title":{"rendered":"Marathonwoche der W\u00f6lfersheimer  Gemeindevertretung"},"content":{"rendered":"\n<p>\nIn\nVorbereitung auf die Haushaltsdebatte im W\u00f6lfersheimer\nGemeindeparlament fanden in der ersten Adventswoche 3 abendliche\nAusschusssitzungen des W\u00f6lfersheimer Gemeindeparlaments statt. Eine\nweitere vierte Sitzung war allein der Planung f\u00fcr das\nRewe-Logistikzentrum an der A45 vorgesehen. Der Haushaltsplan und das\nInvestitionsprogramm f\u00fcr das kommende Jahr 2019 bestimmen die\nHandlungsf\u00e4higkeit der Gemeinde W\u00f6lfersheim im gesamten kommenden\nJahr 2019 und sind somit die wichtigste Entscheidung der\nGemeindevertretung. Die insgesamt \u00fcber 300 Seiten umfassende Vorlage\nwurde von den Gemeindevertretern in vielen Einzelpositionen\nabgearbeitet und in allen Aussch\u00fcssen zusammen mit den Stimmen von\nFWG und CDU mehrheitlich f\u00fcr gut gehei\u00dfen, so dass man von SPD\nSeite zuversichtlich in die Gesamtberatung des Hauhaltsentwurfs f\u00fcr\nW\u00f6lfersheim schauen kann. Alle Sitzungen verliefen weitgehend\nsachbezogen und zielf\u00fchrend. Einzig der Abgeordnete der Gr\u00fcnen,\nMichael R\u00fcckl, rief heftigen Unmut der Ausschussmitglieder hervor,\nals er die Rechtm\u00e4\u00dfigkeit der W\u00f6lfersheimer B\u00fcrgerstiftung\nanzweifelte. Selbst als B\u00fcrgermeister Eike See ihm die\npartei\u00fcbergreifende Zusammensetzung des Stiftungsvorstands und die\nregelm\u00e4\u00dfigen Pr\u00fcfungen durch das Regierungspr\u00e4sidium und das\nFinanzamt vorhielt, zeigte R\u00fcckl sich uneinsichtig.<\/p>\n\n\n\n<p>\nUngeachtet\nder Tatsache, dass beide Wehren den Zusammenschluss selbst w\u00fcnschen,\nkritisierte der \u201egr\u00fcne\u201c Gemeindevertreter dann noch die Planung\nf\u00fcr ein neues gemeinsames Ger\u00e4tehaus f\u00fcr die Feuerwehren aus S\u00f6del\nund Melbach, obwohl f\u00fcr beide H\u00e4user eine M\u00e4ngelliste des T\u00dcVs\nvorliegt. &#8211;  Auch in der Extra-Sitzung zum Rewe-Logistikzentrum, in\nder dann auch die f\u00fcr die Planung Verantwortlichen geduldig\nkompetente Erl\u00e4uterungen auf die vielen Fragen gaben, versuchte\nR\u00fcckl am Ende durch einen Antrag die Beratung des Projekts zu\nverz\u00f6gern. Die \u00fcbrigen Ausschussmitglieder sahen jedoch alle\nPlanungsrichtlinien ausreichend erf\u00fcllt. Die Vertreter von SPD, FWG\nund CDU stimmten deshalb mit deutlicher Mehrheit gegen eine\nVerz\u00f6gerung und f\u00fcr das Rewe-Projekt. \u201eDie Politik der Gr\u00fcnen\nerlangt inzwischen eine historische Dimension: Angefangen von einer\nM\u00fcll-Deponie \u00fcber die Einrichtung eines gymnasialen Zweiges und\neiner Oberstufe an der Singbergschule bis hin zur Errichtung der\nSolaranlage am W\u00f6lfersheimer See, um nur einige Beispiele zu nennen,\nist die Politik der Gr\u00fcnen in W\u00f6lfersheim eine rein destruktive\nVerhinderungspolitik\u201c, so SPD-Fraktionvorsitzender Pulkert.<\/p>\n","protected":false},"excerpt":{"rendered":"<p>In Vorbereitung auf die Haushaltsdebatte im W\u00f6lfersheimer Gemeindeparlament fanden in der ersten Adventswoche 3 abendliche Ausschusssitzungen des W\u00f6lfersheimer Gemeindeparlaments statt. Eine weitere vierte Sitzung war allein der Planung f\u00fcr das Rewe-Logistikzentrum an der A45 vorgesehen. Der Haushaltsplan und das Investitionsprogramm f\u00fcr das kommende Jahr 2019 bestimmen die Handlungsf\u00e4higkeit der Gemeinde W\u00f6lfersheim im gesamten kommenden Jahr [&hellip;]<\/p>\n","protected":false},"author":6,"featured_media":961,"comment_status":"closed","ping_status":"open","sticky":false,"template":"","format":"standard","meta":{"rop_custom_images_group":[],"rop_custom_messages_group":[],"rop_publish_now":"initial","rop_publish_now_accounts":[],"rop_publish_now_history":[],"rop_publish_now_status":"pending","footnotes":""},"categories":[1],"tags":[293,161,470,254],"class_list":["post-1118","post","type-post","status-publish","format-standard","has-post-thumbnail","hentry","category-allgemein","tag-der","tag-gemeindevertretung","tag-marathonwoche","tag-woelfersheimer"],"_links":{"self":[{"href":"http:\/\/spdwoelfersheim.de\/index.php?rest_route=\/wp\/v2\/posts\/1118","targetHints":{"allow":["GET"]}}],"collection":[{"href":"http:\/\/spdwoelfersheim.de\/index.php?rest_route=\/wp\/v2\/posts"}],"about":[{"href":"http:\/\/spdwoelfersheim.de\/index.php?rest_route=\/wp\/v2\/types\/post"}],"author":[{"embeddable":true,"href":"http:\/\/spdwoelfersheim.de\/index.php?rest_route=\/wp\/v2\/users\/6"}],"replies":[{"embeddable":true,"href":"http:\/\/spdwoelfersheim.de\/index.php?rest_route=%2Fwp%2Fv2%2Fcomments&post=1118"}],"version-history":[{"count":1,"href":"http:\/\/spdwoelfersheim.de\/index.php?rest_route=\/wp\/v2\/posts\/1118\/revisions"}],"predecessor-version":[{"id":1119,"href":"http:\/\/spdwoelfersheim.de\/index.php?rest_route=\/wp\/v2\/posts\/1118\/revisions\/1119"}],"wp:featuredmedia":[{"embeddable":true,"href":"http:\/\/spdwoelfersheim.de\/index.php?rest_route=\/wp\/v2\/media\/961"}],"wp:attachment":[{"href":"http:\/\/spdwoelfersheim.de\/index.php?rest_route=%2Fwp%2Fv2%2Fmedia&parent=1118"}],"wp:term":[{"taxonomy":"category","embeddable":true,"href":"http:\/\/spdwoelfersheim.de\/index.php?rest_route=%2Fwp%2Fv2%2Fcategories&post=1118"},{"taxonomy":"post_tag","embeddable":true,"href":"http:\/\/spdwoelfersheim.de\/index.php?rest_route=%2Fwp%2Fv2%2Ftags&post=1118"}],"curies":[{"name":"wp","href":"https:\/\/api.w.org\/{rel}","templated":true}]}}