{"id":1135,"date":"2019-01-16T06:00:32","date_gmt":"2019-01-16T04:00:32","guid":{"rendered":"http:\/\/spdwoelfersheim.de\/?p=1135"},"modified":"2021-01-12T13:40:09","modified_gmt":"2021-01-12T11:40:09","slug":"die-woelfersheimer-spd-ist-irgendwie-anders-ein-kommentar-von-rouven-koetter","status":"publish","type":"post","link":"http:\/\/spdwoelfersheim.de\/?p=1135","title":{"rendered":"Die W\u00f6lfersheimer SPD ist irgendwie anders&#8230; Ein Kommentar von Rouven K\u00f6tter"},"content":{"rendered":"<p>Am Abend des 28. Oktober haben wir mit zahlreichen Mitgliedern der W\u00f6lfersheimer SPD in der S\u00f6dler Turnhalle gesessen und gemeinsam mit unserem Landtagskandidaten Karl-Otto Waas dessen Geburtstag gefeiert. Es gab leckere hausmacher Wurst aus Wohnbach und auch f\u00fcr Getr\u00e4nke war bestens gesorgt. Zum Feiern war aber niemandem so recht zu mute. Das Ergebnis der SPD in Hessen war eine derbe Niederlage und hatte uns allen auf die Stimmung geschlagen. Auch wenn Karl-Otto Waas ein beachtliches Ergebnis eingefahren hat, wird er leider nicht in den Landtag einziehen, um dort als Handwerker und Gewerkschafter die Stimme f\u00fcr die Arbeitnehmer zu erheben. <strong>Wir sind stolz darauf, dass Karl-Otto Waas unser Landtagskandidat war und wir danken allen W\u00e4hlerinnen und W\u00e4hlern, die ihm ihre Stimme gegeben haben. Karl-Otto Waas hat in W\u00f6lfersheim deutlich vor seinen Konkurrenten gelegen. Die W\u00f6lfersheimer SPD hat nicht nur das beste Ergebnis in der Wetterau geholt, sondern im gesamten Gebiet des Regionalverbandes FrankfurtRheinMain gibt es kein besseres SPD-Ergebnis als bei uns in W\u00f6lfersheim. Auch daf\u00fcr m\u00f6chten wir uns bei allen W\u00e4hlerinnen und W\u00e4hlern bedanken.<\/strong><\/p>\n<p>Trotzdem waren die meisten an diesem Abend entt\u00e4uscht, traurig und ver\u00e4rgert. Aber nicht \u00fcber die W\u00e4hler oder die anderen Parteien. Nein, wir waren ver\u00e4rgert -um nicht zu sagen stinksauer- auf unsere eigene Partei. Wir wollen Ihnen gerne erkl\u00e4ren, warum: Viele von uns haben sich \u00fcber Entscheidungen und Personalien in den letzten Monaten ge\u00e4rgert und wir haben unserem \u00c4rger auch innerhalb unserer Partei Luft gemacht: Egal ob es die unfassbare &#8222;Bef\u00f6rderungs-Entlassung&#8220; des Verfassungsschutzpr\u00e4sidenten Maa\u00dfen, das Verhalten gegen\u00fcber den Autokonzernen beim Diesel-Skandal oder die Wahl von Andrea Nahles zur Partei- und Fraktionschefin war. Wir finden keineswegs alles gut, was unsere Partei auf \u00fcbergeordneten Ebenen macht. Wir haben auch schon &#8222;Partei-Promis&#8220;, die bei uns Veranstaltungen machen wollten, abgelehnt und gesagt: Die werden wir unseren Mitb\u00fcrgern nicht zumuten. (Wir wollen da jetzt keine Namen nennen, aber einer davon kommt aus Schleswig-Holstein und sieht selten gut gelaunt aus&#8230;) Wir erheben intern die Stimme, wenn uns etwas nicht passt, wir schicken Vertreter zu den Parteitagen des Unterbezirks, des Bezirks Hessen-S\u00fcd und sogar der Landes-SPD. Wir nehmen dort Stellung und versuchen die Politik der SPD so zu beeinflussen, dass wir voll dahinter stehen k\u00f6nnen und die Entscheidungen und Ideen mit Begeisterung und aus \u00dcberzeugung vertreten k\u00f6nnen. Leider gelingt uns das nicht immer in dem Ma\u00dfe, in dem wir uns das w\u00fcnschen. Das musste jetzt mal raus\u2026<\/p>\n<p>Gleichzeitig stehen wir absolut zu unserer Partei und insbesondere zu den Werten, die sie seit mehr als 150 Jahren verk\u00f6rpert: Freiheit, Gerechtigkeit und Solidarit\u00e4t. Die SPD ist die einzige Partei, die sich im Reichstag gegen die Nazis stellte. Otto Wels begr\u00fcndete das damals trotz anwesender SA-M\u00e4nner im Saal mit einer beeindruckenden, letzten freien Rede im Reichstag, die den Satz enthielt: &#8222;Freiheit und Leben kann man uns nehmen &#8211; die Ehre nicht!&#8220; Viele Sozialdemokraten bezahlten diese klare Haltung mit ihrem Leben. Die SPD hat ma\u00dfgeblich zu dem Wohlstand und Frieden beigetragen, den wir seit vielen Jahrzehnten genie\u00dfen k\u00f6nnen. Erarbeitet haben ihn die Menschen in unserem Land &#8211; politisch unterst\u00fctzt von vielen guten Politikern, die unser Parteibuch haben und hatten. Der Frieden in Europa und auch die Wiedervereinigung w\u00e4ren ohne die Vorarbeit von Willy Brandt nicht denkbar. Im Kampf gegen den Terror hat Helmut Schmidt, der in diesem Jahr 100 Jahre alt geworden w\u00e4re, k\u00fchlen Kopf bewahrt und unser Land in der Welt zu einem gesch\u00e4tzten und geachteten Partner gemacht. Auch Gerhard Schr\u00f6der hat sich um unser Land verdient gemacht und dem damaligen US-Pr\u00e4sidenten George Bush gesagt: Irak-Krieg? Ohne uns! Die Geschichte hat ihm Recht gegeben, auf die Beweise f\u00fcr die Massenvernichtungswaffen, die damals als Kriegsgrund aufgef\u00fchrt wurden, warten wir bis heute. Das waren beispielhaft nur unsere Kanzler. Wir k\u00f6nnten viele weitere Minister, Ministerpr\u00e4sidenten, Bundespr\u00e4sidenten, Abgeordnete oder andere SPD-Politiker nennen, f\u00fcr die wir uns nicht zu sch\u00e4men brauchen, auf die wir stolz sind und von deren Arbeit wir heute noch profitieren. Deshalb stehen wir zu unserer SPD, auch wenn wir manchmal abends vor dem Fernseher bei den Nachrichten oder bei Talk-Shows fluchend die H\u00e4nde \u00fcber dem Kopf zusammenschlagen, wenn Vertreter unserer Partei Beitr\u00e4ge abgeben, die absolut nicht in unserem Sinne sind. Unser Anspruch ist es, die SPD in unserem Sinne zu beeinflussen und wieder auf die Schiene zu setzen, auf der viele mutige und kluge Frauen und M\u00e4nner weite Strecken zur\u00fcckgelegt haben. <\/p>\n<p><strong>Wer ist eigentlich dieses &#8222;wir&#8220;?<\/strong><br \/>\nWir sind Ihre W\u00f6lfersheimer SPD. Eine Partei, die sich vor allem als Ortspartei versteht. Wir k\u00fcmmern uns um unsere Gemeinde und um die Interessen der Menschen, die in unseren f\u00fcnf Ortsteilen leben. Wir versprechen nichts, was wir nicht halten k\u00f6nnen. Wir machen, was wir sagen und wir sagen auch deutlich und ungesch\u00f6nt, was wir machen. Wir sind ehrlich und arbeiten viele Stunden f\u00fcr das Wohl unserer Gemeinde. Nicht erst seit gestern, sondern seit Jahrzehnten. Wir sorgen mit verl\u00e4sslicher, bodenst\u00e4ndiger Ortspolitik daf\u00fcr, dass man in W\u00f6lfersheim gut leben kann, eine gute Kinderbetreuung und Schulbildung erh\u00e4lt, Einkaufsm\u00f6glichkeiten ebenso vorhanden sind wie Arbeitspl\u00e4tze, Spielpl\u00e4tze, Sportpl\u00e4tze und R\u00e4ume f\u00fcr unsere vielen engagierten Vereine. Au\u00dfer unserem B\u00fcrgermeister Eike See und mir als Erstem Beigeordneten beim Regionalverband machen das alle Mitglieder der W\u00f6lfersheimer SPD ehrenamtlich. Sie engagieren sich in ihrer Freizeit, neben Beruf, Familie und Hobbys.<br \/>\nWarum machen sie das? Weil sie unsere Gemeinde weiterentwickeln wollen &#8211; im Sinne ihrer Mitb\u00fcrgerinnen und Mitb\u00fcrger, ihrer Nachbarn, Vereinskameraden, Freunde. In Ihrem Sinne! <\/p>\n<p><strong>Und wir haben auch eine klare Meinung zur Politik in Land und Bund:<\/strong><br \/>\nWir wollen, dass Menschen Arbeit haben und das die die arbeiten, mehr im Geldbeutel haben, als solche, die nicht arbeiten.<br \/>\nWir wollen, dass Rentner die ihr Lebenlang gearbeitet haben oder Kinder gro\u00dfgezogen haben von ihrer Rente anst\u00e4ndig und gut leben k\u00f6nnen.<br \/>\nWir wollen, dass Internetkonzerne bei uns genauso Steuern bezahlen, wie es mittelst\u00e4ndische Unternehmen und B\u00fcrger bei uns m\u00fcssen.<br \/>\nWir wollen, dass die Energiewende nicht dazu f\u00fchrt, dass sich normale Familien keinen Strom mehr leisten k\u00f6nnen.<br \/>\nWir wollen, dass in unserem Land ausreichend bezahlbarer Wohnraum vorhanden ist.<br \/>\nWir wollen, dass unser Land modern und offen in die Zukunft blickt, ohne dabei seine Traditionen zu verlieren.<br \/>\nWir wollen in Frieden leben, zusammen mit unseren Nachbarn in einem vereinten, starken Europa.<br \/>\nWir wollen so vieles. Das, was wir \u00e4ndern und beeinflussen k\u00f6nnen, packen wir auch an. Darauf k\u00f6nnen Sie sich verlassen.<\/p>\n<p>Die W\u00f6lfersheimer SPD ist ein Teil der Sozialdemokratischen Partei Deutschlands. Aber wir haben einen eigenen Charakter. Wir sind irgendwie anders, und das ist auch gut so&#8230;<\/p>\n","protected":false},"excerpt":{"rendered":"<p>Am Abend des 28. Oktober haben wir mit zahlreichen Mitgliedern der W\u00f6lfersheimer SPD in der S\u00f6dler Turnhalle gesessen und gemeinsam mit unserem Landtagskandidaten Karl-Otto Waas dessen Geburtstag gefeiert. Es gab leckere hausmacher Wurst aus Wohnbach und auch f\u00fcr Getr\u00e4nke war bestens gesorgt. Zum Feiern war aber niemandem so recht zu mute. Das Ergebnis der SPD [&hellip;]<\/p>\n","protected":false},"author":6,"featured_media":1137,"comment_status":"closed","ping_status":"open","sticky":false,"template":"","format":"standard","meta":{"rop_custom_images_group":[],"rop_custom_messages_group":[],"rop_publish_now":"initial","rop_publish_now_accounts":[],"rop_publish_now_history":[],"rop_publish_now_status":"pending","footnotes":""},"categories":[1],"tags":[456,457,118,148,36,436,254],"class_list":["post-1135","post","type-post","status-publish","format-standard","has-post-thumbnail","hentry","category-allgemein","tag-anders","tag-kommentar","tag-koetter","tag-rouven","tag-spd","tag-von","tag-woelfersheimer"],"_links":{"self":[{"href":"http:\/\/spdwoelfersheim.de\/index.php?rest_route=\/wp\/v2\/posts\/1135","targetHints":{"allow":["GET"]}}],"collection":[{"href":"http:\/\/spdwoelfersheim.de\/index.php?rest_route=\/wp\/v2\/posts"}],"about":[{"href":"http:\/\/spdwoelfersheim.de\/index.php?rest_route=\/wp\/v2\/types\/post"}],"author":[{"embeddable":true,"href":"http:\/\/spdwoelfersheim.de\/index.php?rest_route=\/wp\/v2\/users\/6"}],"replies":[{"embeddable":true,"href":"http:\/\/spdwoelfersheim.de\/index.php?rest_route=%2Fwp%2Fv2%2Fcomments&post=1135"}],"version-history":[{"count":1,"href":"http:\/\/spdwoelfersheim.de\/index.php?rest_route=\/wp\/v2\/posts\/1135\/revisions"}],"predecessor-version":[{"id":1136,"href":"http:\/\/spdwoelfersheim.de\/index.php?rest_route=\/wp\/v2\/posts\/1135\/revisions\/1136"}],"wp:featuredmedia":[{"embeddable":true,"href":"http:\/\/spdwoelfersheim.de\/index.php?rest_route=\/wp\/v2\/media\/1137"}],"wp:attachment":[{"href":"http:\/\/spdwoelfersheim.de\/index.php?rest_route=%2Fwp%2Fv2%2Fmedia&parent=1135"}],"wp:term":[{"taxonomy":"category","embeddable":true,"href":"http:\/\/spdwoelfersheim.de\/index.php?rest_route=%2Fwp%2Fv2%2Fcategories&post=1135"},{"taxonomy":"post_tag","embeddable":true,"href":"http:\/\/spdwoelfersheim.de\/index.php?rest_route=%2Fwp%2Fv2%2Ftags&post=1135"}],"curies":[{"name":"wp","href":"https:\/\/api.w.org\/{rel}","templated":true}]}}