{"id":1141,"date":"2019-01-28T20:43:31","date_gmt":"2019-01-28T18:43:31","guid":{"rendered":"http:\/\/spdwoelfersheim.de\/?p=1141"},"modified":"2021-01-12T13:40:09","modified_gmt":"2021-01-12T11:40:09","slug":"generationswechsel-bei-woelfersheimer-spd-fraktion","status":"publish","type":"post","link":"http:\/\/spdwoelfersheim.de\/?p=1141","title":{"rendered":"Generationswechsel bei W\u00f6lfersheimer SPD-Fraktion"},"content":{"rendered":"<p>Die SPD-Fraktion in W\u00f6lfersheim besteht traditionell nicht nur aus den gew\u00e4hlten Gemeindevertretern, sondern auch aus den sozialdemokratischen Mitgliedern des Gemeindevorstandes, dem B\u00fcrgermeister und den Mitgliedern des SPD Vorstandes. Dadurch ist eine enge Vernetzung und Abstimmung von Partei und Fraktion permanent gew\u00e4hrleistet. Seit 2008 wurde dieses Gremium von Karl-Ernst Pulkert gef\u00fchrt. Auf eigenen Wunsch ist Pulkert nun in die zweite Reihe zur\u00fcckgegangen. Einstimmig w\u00e4hlte die Fraktion den\u00a035j\u00e4hrigen Matthias Appel zum neuen Fraktionsvorsitzenden.\u00a0<br \/>\n\u00a0<br \/>\nDer ehemalige W\u00f6lfersheimer B\u00fcrgermeister Rouven K\u00f6tter lie\u00df die Amtszeit Pulkerts kurz Revue passieren und dankte ihm f\u00fcr die vertrauensvolle und erfolgreiche Zusammenarbeit. Pulkert begleitete K\u00f6tters gesamte Amtszeit als Fraktionsvorsitzender der stabilen Mehrheit in der Gemeindevertretung. \u201eDu hast gezeigt, dass man eine Haltung haben kann, ohne arrogant zu sein, dass man Ideen entwickeln und mit menschlicher Art zielorientiert umsetzen kann. Vielen Dank f\u00fcr Dein Engagement f\u00fcr unsere sch\u00f6ne Gemeinde.\u201c fand er pers\u00f6nliche Worte f\u00fcr \u201ePucki\u201c. Pulkert ist bekannt daf\u00fcr, dass er nicht nur zu WM-Zeiten mit Deutschland-Fahne am Auto unterwegs ist. \u201eIch will die Fahne unseres Landes mit Stolz tragen und diese nicht den Rechten \u00fcberlassen.\u201c begr\u00fcndet Pulkert dies. K\u00f6tter \u00fcberreichte ihm nun im Jahr der Europawahl auch eine kleine Europafahne und eine Hessenfahne f\u00fcr sein Auto. Auch B\u00fcrgermeister Eike See dankte Pulkert mit einem W\u00f6lfersheimer Bembel und passenden Gl\u00e4sern f\u00fcr seine hervorragende Arbeit, mit der er \u201edie erfolgreiche Entwicklung der Gemeinde in den vergangenen zehn Jahren ma\u00dfgeblich mitgestaltet hat\u201c.\u00a0<br \/>\n\u00a0<br \/>\nDer neue Mann am Ruder der SPD-Fraktion Matthias Appel kommt aus W\u00f6lfersheim und hat gerade sein Elternhaus umgebaut. Er ist seit\u00a02013\u00a0Mitglied der SPD, zog\u00a02016\u00a0in die W\u00f6lfersheimer Gemeindevertretung ein und leitet dort den Haupt- und Finanzausschuss. Er war bislang einer der beiden Stellvertreter des Fraktionsvorsitzenden und r\u00fcckt nun in die erste Reihe auf. Pulkert zieht sich nicht aus der Politik zur\u00fcck, sondern \u00fcbernimmt Appels Stellvertreterposten und will weiterhin an der Gestaltung der Gemeinde W\u00f6lfersheim mitwirken. Somit ist auch in Zukunft eine gute Mischung aus Erfahrung und frischen Ideen innerhalb der W\u00f6lfersheimer SPD-Fraktion gew\u00e4hrleistet.<\/p>\n","protected":false},"excerpt":{"rendered":"<p>Die SPD-Fraktion in W\u00f6lfersheim besteht traditionell nicht nur aus den gew\u00e4hlten Gemeindevertretern, sondern auch aus den sozialdemokratischen Mitgliedern des Gemeindevorstandes, dem B\u00fcrgermeister und den Mitgliedern des SPD Vorstandes. Dadurch ist eine enge Vernetzung und Abstimmung von Partei und Fraktion permanent gew\u00e4hrleistet. Seit 2008 wurde dieses Gremium von Karl-Ernst Pulkert gef\u00fchrt. Auf eigenen Wunsch ist Pulkert [&hellip;]<\/p>\n","protected":false},"author":6,"featured_media":1142,"comment_status":"closed","ping_status":"open","sticky":false,"template":"","format":"standard","meta":{"rop_custom_images_group":[],"rop_custom_messages_group":[],"rop_publish_now":"initial","rop_publish_now_accounts":[],"rop_publish_now_history":[],"rop_publish_now_status":"pending","footnotes":""},"categories":[1],"tags":[454,455,254],"class_list":["post-1141","post","type-post","status-publish","format-standard","has-post-thumbnail","hentry","category-allgemein","tag-generationswechsel","tag-spd-fraktion","tag-woelfersheimer"],"_links":{"self":[{"href":"http:\/\/spdwoelfersheim.de\/index.php?rest_route=\/wp\/v2\/posts\/1141","targetHints":{"allow":["GET"]}}],"collection":[{"href":"http:\/\/spdwoelfersheim.de\/index.php?rest_route=\/wp\/v2\/posts"}],"about":[{"href":"http:\/\/spdwoelfersheim.de\/index.php?rest_route=\/wp\/v2\/types\/post"}],"author":[{"embeddable":true,"href":"http:\/\/spdwoelfersheim.de\/index.php?rest_route=\/wp\/v2\/users\/6"}],"replies":[{"embeddable":true,"href":"http:\/\/spdwoelfersheim.de\/index.php?rest_route=%2Fwp%2Fv2%2Fcomments&post=1141"}],"version-history":[{"count":1,"href":"http:\/\/spdwoelfersheim.de\/index.php?rest_route=\/wp\/v2\/posts\/1141\/revisions"}],"predecessor-version":[{"id":1143,"href":"http:\/\/spdwoelfersheim.de\/index.php?rest_route=\/wp\/v2\/posts\/1141\/revisions\/1143"}],"wp:featuredmedia":[{"embeddable":true,"href":"http:\/\/spdwoelfersheim.de\/index.php?rest_route=\/wp\/v2\/media\/1142"}],"wp:attachment":[{"href":"http:\/\/spdwoelfersheim.de\/index.php?rest_route=%2Fwp%2Fv2%2Fmedia&parent=1141"}],"wp:term":[{"taxonomy":"category","embeddable":true,"href":"http:\/\/spdwoelfersheim.de\/index.php?rest_route=%2Fwp%2Fv2%2Fcategories&post=1141"},{"taxonomy":"post_tag","embeddable":true,"href":"http:\/\/spdwoelfersheim.de\/index.php?rest_route=%2Fwp%2Fv2%2Ftags&post=1141"}],"curies":[{"name":"wp","href":"https:\/\/api.w.org\/{rel}","templated":true}]}}