{"id":1151,"date":"2019-02-14T13:13:54","date_gmt":"2019-02-14T11:13:54","guid":{"rendered":"http:\/\/spdwoelfersheim.de\/?p=1151"},"modified":"2021-01-12T13:40:08","modified_gmt":"2021-01-12T11:40:08","slug":"die-woelfersheimer-spd-trauert-gemeinsam-mit-den-angehoerigen-um-unseren-ehrenbeigeordneten-rudi-langer","status":"publish","type":"post","link":"http:\/\/spdwoelfersheim.de\/?p=1151","title":{"rendered":"Die W\u00f6lfersheimer SPD trauert gemeinsam mit den Angeh\u00f6rigen um unseren Ehrenbeigeordneten Rudi Langer"},"content":{"rendered":"<p>Die W\u00f6lfersheimer SPD trauert gemeinsam mit den Angeh\u00f6rigen um unseren Ehrenbeigeordneten <strong>Rudi Langer<\/strong>. Noch am vergangenen Sonntag war der Tr\u00e4ger der Willy-Brandt-Medaille gut gelaunt auf dem Seniorennachmittag der Gemeinde W\u00f6lfersheim, nun ist er nach einem langen, engagierten und erf\u00fcllten Leben pl\u00f6tzlich von uns gegangen. Seine Lebensleistung hat unser aller Respekt und Dank verdient. Die W\u00f6lfersheimer SPD wir diesem engagierten und aufrechten Sozialdemokraten ein ehrendes Andenken bewahren.<\/p>\n<p><a href=\"http:\/\/spdwoelfersheim.de\/wp-content\/uploads\/2019\/02\/rudi-langer-2.jpg\"><img loading=\"lazy\" decoding=\"async\" src=\"http:\/\/spdwoelfersheim.de\/wp-content\/uploads\/2019\/02\/rudi-langer-2-645x1024.jpg\" alt=\"\" width=\"640\" height=\"1016\" class=\"alignleft size-large wp-image-1153\" srcset=\"http:\/\/spdwoelfersheim.de\/wp-content\/uploads\/2019\/02\/rudi-langer-2-645x1024.jpg 645w, http:\/\/spdwoelfersheim.de\/wp-content\/uploads\/2019\/02\/rudi-langer-2-189x300.jpg 189w, http:\/\/spdwoelfersheim.de\/wp-content\/uploads\/2019\/02\/rudi-langer-2-768x1219.jpg 768w, http:\/\/spdwoelfersheim.de\/wp-content\/uploads\/2019\/02\/rudi-langer-2.jpg 1122w\" sizes=\"auto, (max-width: 640px) 100vw, 640px\" \/><\/a><\/p>\n","protected":false},"excerpt":{"rendered":"<p>Die W\u00f6lfersheimer SPD trauert gemeinsam mit den Angeh\u00f6rigen um unseren Ehrenbeigeordneten Rudi Langer. Noch am vergangenen Sonntag war der Tr\u00e4ger der Willy-Brandt-Medaille gut gelaunt auf dem Seniorennachmittag der Gemeinde W\u00f6lfersheim, nun ist er nach einem langen, engagierten und erf\u00fcllten Leben pl\u00f6tzlich von uns gegangen. Seine Lebensleistung hat unser aller Respekt und Dank verdient. Die W\u00f6lfersheimer [&hellip;]<\/p>\n","protected":false},"author":6,"featured_media":1152,"comment_status":"closed","ping_status":"open","sticky":false,"template":"","format":"standard","meta":{"rop_custom_images_group":[],"rop_custom_messages_group":[],"rop_publish_now":"initial","rop_publish_now_accounts":[],"rop_publish_now_history":[],"rop_publish_now_status":"pending","footnotes":""},"categories":[1],"tags":[445,447,449,450,446,36,448,444,254],"class_list":["post-1151","post","type-post","status-publish","format-standard","has-post-thumbnail","hentry","category-allgemein","tag-angehoerigen","tag-ehrenbeigeordneten","tag-gemeinsam","tag-langer","tag-rudi","tag-spd","tag-trauert","tag-unseren","tag-woelfersheimer"],"_links":{"self":[{"href":"http:\/\/spdwoelfersheim.de\/index.php?rest_route=\/wp\/v2\/posts\/1151","targetHints":{"allow":["GET"]}}],"collection":[{"href":"http:\/\/spdwoelfersheim.de\/index.php?rest_route=\/wp\/v2\/posts"}],"about":[{"href":"http:\/\/spdwoelfersheim.de\/index.php?rest_route=\/wp\/v2\/types\/post"}],"author":[{"embeddable":true,"href":"http:\/\/spdwoelfersheim.de\/index.php?rest_route=\/wp\/v2\/users\/6"}],"replies":[{"embeddable":true,"href":"http:\/\/spdwoelfersheim.de\/index.php?rest_route=%2Fwp%2Fv2%2Fcomments&post=1151"}],"version-history":[{"count":3,"href":"http:\/\/spdwoelfersheim.de\/index.php?rest_route=\/wp\/v2\/posts\/1151\/revisions"}],"predecessor-version":[{"id":1156,"href":"http:\/\/spdwoelfersheim.de\/index.php?rest_route=\/wp\/v2\/posts\/1151\/revisions\/1156"}],"wp:featuredmedia":[{"embeddable":true,"href":"http:\/\/spdwoelfersheim.de\/index.php?rest_route=\/wp\/v2\/media\/1152"}],"wp:attachment":[{"href":"http:\/\/spdwoelfersheim.de\/index.php?rest_route=%2Fwp%2Fv2%2Fmedia&parent=1151"}],"wp:term":[{"taxonomy":"category","embeddable":true,"href":"http:\/\/spdwoelfersheim.de\/index.php?rest_route=%2Fwp%2Fv2%2Fcategories&post=1151"},{"taxonomy":"post_tag","embeddable":true,"href":"http:\/\/spdwoelfersheim.de\/index.php?rest_route=%2Fwp%2Fv2%2Ftags&post=1151"}],"curies":[{"name":"wp","href":"https:\/\/api.w.org\/{rel}","templated":true}]}}