{"id":1159,"date":"2019-02-25T12:13:53","date_gmt":"2019-02-25T10:13:53","guid":{"rendered":"http:\/\/spdwoelfersheim.de\/?p=1159"},"modified":"2021-01-12T13:40:08","modified_gmt":"2021-01-12T11:40:08","slug":"informationen-der-fraktionen-von-cdu-fwg-und-spd-im-woelfersheimer-gemeindeparlament","status":"publish","type":"post","link":"http:\/\/spdwoelfersheim.de\/?p=1159","title":{"rendered":"Informationen der Fraktionen von CDU, FWG und SPD im W\u00f6lfersheimer Gemeindeparlament"},"content":{"rendered":"<p>An die B\u00fcrgerinnen und B\u00fcrger in der Gemeinde W\u00f6lfersheim<\/p>\n<p>Liebe B\u00fcrgerinnen und B\u00fcrger W\u00f6lfersheims,<\/p>\n<p>wir m\u00f6chten Ihnen auf diesem Weg versichern, dass wir als Gemeindevertreterinnen und Gemeindevertreter unsere Aufgaben in der W\u00f6lfersheimer Gemeindevertretung \u00fcberaus ernst nehmen. Wir f\u00e4llen unsere Entscheidungen ausschlie\u00dflich nach bestem Wissen und Gewissen zum Wohl der W\u00f6lfersheimer B\u00fcrgerinnen und B\u00fcrger. Wir nehmen das von Ihnen in der Kommunalwahl vom 6. M\u00e4rz 2016 verliehene Vertrauen sehr ernst.<\/p>\n<p>In der Diskussion um die Ansiedlung des REWE-Logistikzentrums wird uns unterstellt, dass wir Abgeordnete im W\u00f6lfersheimer Gemeindeparlament nicht ausreichend informiert w\u00e4ren und vorschnell eine falsche Entscheidung getroffen h\u00e4tten. Dieser Unterstellung widersprechen wir hiermit in aller Deutlichkeit.<\/p>\n<p><strong>Breite politische Mehrheit f\u00fcr das Projekt<\/strong><\/p>\n<p>Die \u00fcberw\u00e4ltigende Mehrheit der von Ihnen bei der Kommunalwahl im Jahr 2016 gew\u00e4hlten Abgeordneten haben bei 1 Enthaltung und 1 Gegenstimme f\u00fcr die Ansiedlung des REWE-Logistikzentrums an der Autobahn A45 zwischen W\u00f6lfersheim und Berstadt gestimmt. Keineswegs haben Einzelpersonen oder eine Minderheit diese Entscheidung \u00fcber den Willen der Mehrheit hinweg getroffen. Wir haben f\u00fcr das Projekt im Februar 2017 gemeinsam den Startschuss gegeben. <\/p>\n<p><strong>Fehlende Informationen?<\/strong><\/p>\n<p>Es k\u00f6nnen bei einem so komplexen Vorhaben nicht alle Informationen schon zu Beginn vorliegen. Immerhin wird mittlerweile seit mehr als zwei Jahren daran gearbeitet und es ergeben sich st\u00e4ndig neue Informationen. Deshalb wurde und wird die Gemeindevertretung permanent \u00fcber den Fortgang informiert und konnte sich in unz\u00e4hligen \u00f6ffentlichen Sitzungen mit dem Projekt in der gebotenen Ruhe und Sorgfalt auseinandersetzen. Es w\u00e4re auch durchaus m\u00f6glich gewesen, das Projekt abzubrechen \u2013 aber wir sind und waren davon \u00fcberzeugt, dass die Ansiedlung des Logistikzentrums f\u00fcr die Zukunftsf\u00e4higkeit unserer Gemeinde ein gutes Projekt ist. Grundlage von Demokratie ist, dass solche Mehrheitsentscheidungen respektiert werden. Dies erwarten wir auch von den Gegnern des Projekts.<\/p>\n<p>Leider werden vermehrt unsachliche Unterstellungen und Vorw\u00fcrfe verbreitet bis hin zu massiven verbalen Attacken, die Zank und Unfrieden stiften und die Spaltung unserer B\u00fcrgerschaft zum Ziel haben. Mit diesem Schreiben wenden wir uns gegen solche Ausw\u00fcchse. <\/p>\n<p><strong>Wir fordern zur R\u00fcckkehr zu Sachlichkeit, Ehrlichkeit und gegenseitigem Respekt auf. <\/strong><\/p>\n<p>Wir haben durchaus Verst\u00e4ndnis f\u00fcr bedenken in der Bev\u00f6lkerung angesichts der Gr\u00f6\u00dfe des Projekts. Deshalb wollen wir im Folgenden auf einige der wesentlichen Punkte eingehen:<\/p>\n<p><strong>Verlust wertvollen Ackerbodens<\/strong><\/p>\n<p>Es trifft zu, dass das Logistikzentrum auf etwa 30 ha zu einem Teil auf sehr gutem Ackerboden errichtet werden soll. Wir bedauern dies, halten es aber letztlich f\u00fcr hinnehmbar,<br \/>\n\u2022 weil fast ein Drittel der Fl\u00e4che aufgesch\u00fcttetes Bergbauland und kein gewachsener Boden ist.<br \/>\n\u2022 weil ein Gro\u00dfteil des Bodens bisher schon nicht entsprechend seiner hervorragenden Qualit\u00e4t zum Anbau von Nahrungsmitteln genutzt wurde, sondern Rosen oder Mais zur Biogasgewinnung<br \/>\nangebaut wurde und sich ein Modellflugplatz darauf befindet.<br \/>\n\u2022 weil die geplanten 30 ha Land nur etwa 1% der landwirtschaftlichen Fl\u00e4che unserer Gemeinde ausmachen.<br \/>\n\u2022 weil der Standort in unmittelbarer N\u00e4he zur A45 verkehrsg\u00fcnstig ist, um k\u00fcnftig unn\u00f6tige Ortsdurchfahrten zu vermeiden.<\/p>\n<p><strong>Gr\u00f6\u00dfe des Geb\u00e4udes<\/strong><\/p>\n<p>Die Gr\u00f6\u00dfe des Geb\u00e4udes macht so Manchem Angst und es wird tats\u00e4chlich ein ziemlich markanter Klotz. Jedoch war das fr\u00fchere Braunkohlekraftwerk in W\u00f6lfersheim mit 3 hohen Schornsteinen (zwei um die 60m und einer fast 100m hoch) und einer Geb\u00e4udeh\u00f6he von 39 Metern beim Block III deutlich landschaftspr\u00e4gender. Visualisierungen zeigen deutlich, dass das Logistikzentrum von den Ortslagen aus gesehen nicht st\u00f6rend ist. Auch die Naherholungsgebiete rund um Echzell und die Spazierwege rund um unsere Ortsteile werden davon nicht gest\u00f6rt. Der l\u00e4ndliche Charakter unserer Gemeinde bleibt bestehen.<\/p>\n<p><strong>Arbeits- und Ausbildungspl\u00e4tze<\/strong><\/p>\n<p>Richtig ist, dass keine neuen Arbeitspl\u00e4tze geschaffen werden. Das haben wir gewusst und nie etwas anderes behauptet, aber die bestehenden Arbeitspl\u00e4tze bleiben in der Region wohnortnah erhalten. Das ist uns sehr wichtig. Sonst w\u00e4re die Arbeit evtl. ganz woanders hin abgewandert. Die Altersstruktur der REWE-Besch\u00e4ftigten l\u00e4sst mittelfristig altersbedingte Wechsel erwarten. Davon profitieren auch wieder B\u00fcrgerinnen und B\u00fcrger aus W\u00f6lfersheim und Umgebung. Diese Arbeitspl\u00e4tze werden mit Sicherheit qualifizierte Arbeitspl\u00e4tze rund um den Bereich \u201eLagerlogistik\u201c sein, denn nat\u00fcrlich werden Laster heutzutage nicht von schwitzenden Muskelpackern per Hand oder mit der Sackkarre beladen. Und ein ganz bedeutsames Argument f\u00fcr unsere Entscheidung f\u00fcr REWE waren die rund 20 Ausbildungspl\u00e4tze f\u00fcr unsere jungen Leute, die uns fest zugesagt sind \u2013 also Ausbildung f\u00fcr fast eine ganze Schulklasse. Wohnortnahe Arbeits- und Ausbildungspl\u00e4tze sind enorm wichtig, um unn\u00f6tiges, kr\u00e4ftezehrendes Pendeln zu vermeiden und unsere Gemeinde als attraktiven Wohnort zu erhalten.<\/p>\n<p><strong>K\u00fcnftige Verkehrsbelastung<\/strong><\/p>\n<p>Gro\u00dfe Bedenken gibt es um die Auswirkungen f\u00fcr die Verkehrssituation in und um W\u00f6lfersheim. Fast die H\u00e4lfte aller jetzigen REWE-Besch\u00e4ftigten h\u00e4tte zuk\u00fcnftig k\u00fcrzere Anfahrtswege zur Arbeit.<br \/>\nDas konnte uns REWE anhand der Pendlerbewegungen klar aufzeigen. Der aktuelle Pendelverkehr zwischen den Lagern Hungen und Rosbach entf\u00e4llt. Unterm Strich wird das Vorhaben daher zu einer<br \/>\nReduzierung der gesamten LKW- und PKW-Fahrten f\u00fchren. Ein \u00f6kologischer Aspekt, der bislang kaum erw\u00e4hnt wurde. Die Bef\u00fcrchtung, dass die LKWs ihre Route \u00fcber Landstra\u00dfen mitten durch Ortschaften hindurch nehmen k\u00f6nnten, ist mit gesundem Menschenverstand nicht erkl\u00e4rbar. Wer selbst einmal einen Lastwagen mitten durch Ortschaften gelenkt hat, wei\u00df, wie stressig und zeitaufw\u00e4ndig das ist. Au\u00dferdem baut REWE sicher nicht an die Autobahn, um die Fahrer dann durch die Ortschaften zu schicken. Dann h\u00e4tte man in der \u00f6stlichen Wetterau ohne Autobahnanschluss sicher g\u00fcnstiger bauen k\u00f6nnen. Weder Berstadt noch Echzell werden durch das Lager mehr LKW-Verkehr in der Ortsdurchfahrt haben. In W\u00f6lfersheim wird es keine sp\u00fcrbare Zunahme geben. Behauptungen, der Schulweg unserer Kinder w\u00fcrde durch das Projekt unsicherer und \u00e4hnliches, sind v\u00f6llig an den Haaren herbeigezogen und sollen nur Angst machen und verunsichern.<\/p>\n<p>Nat\u00fcrlich gibt es auch Ausnahmesituationen und Extremf\u00e4lle: Beispielsweise eine Vollsperrung der A45. Das gab es in den letzten 14 Jahren drei Mal und kann daher kein gewichtiges Argument sein. Wenn das an 3 von \u00fcber 5.000 Tagen passiert, ist das durchaus verkraftbar. <\/p>\n<p>Wir selbst sind nicht ganz zufrieden mit der derzeitig geplanten Verkehrsf\u00fchrung. Ein Kreisverkehr oder gar eine Direktanbindung an die Autobahn w\u00e4re uns lieber als die geplante Ampelkreuzung an der Landesstra\u00dfe von Echzell kommend auf die B 455. Aber wir m\u00fcssen uns den Anordnungen von Hessen-Mobil als zust\u00e4ndiger Beh\u00f6rde beugen und k\u00f6nnen dies leider nicht selbst entscheiden.<\/p>\n<p><strong>Auswirkungen auf Klima und Natur<\/strong><\/p>\n<p>Was die Bereiche Wasserwirtschaft, Beeinflussung von Klima und Naturschutz betrifft vertrauen wir Gemeindevertreter auf die Einsch\u00e4tzung und Vorgaben der \u00fcbergeordneten Fachbeh\u00f6rden. Diese haben das Projekt sehr kritisch und mit hoher Kompetenz begleitet und kontrolliert. Vielfache weitere Gutachten sind schon erfolgt bzw. in Arbeit. Hier geht es um oft langwierige Untersuchungen und Detailfragen, bei denen wir uns auf die Aussagen und Bewertungen von Fachleuten verlassen m\u00fcssen. Schon im Planungsstadium wird dadurch sichergestellt, dass bestimmte Umweltbeeintr\u00e4chtigungen vermieden werden. Die umfangreiche Umweltvertr\u00e4glichkeitspr\u00fcfung aber auch das Baugesetzbuch und das Raumordnungsgesetz sind strikt zu befolgen. Das deutsche Umweltrecht hat im internationalen Vergleich dabei sehr strenge und eindeutige Vorgaben.<\/p>\n<p><strong>Warum wird keine Finanzkalkulation vorgelegt?<\/strong><\/p>\n<p>Wir w\u00fcrden uns w\u00fcnschen, dass wir Ihnen schon heute eine genaue finanzielle Kalkulation f\u00fcr das Projekt vorlegen k\u00f6nnen, aber dies ist leider nicht m\u00f6glich. Was kostet der Stra\u00dfenbau, wie hoch<br \/>\nmuss eine m\u00f6gliche L\u00e4rmschutzmauer werden, wie lange dauern die arch\u00e4ologischen Untersuchungen, wie viele Stunden sitzt das Planungsb\u00fcro an dem Projekt, wie teuer ist die juristische Begleitung, welche kostenintensiven Gutachten werden noch verlangt, wie viele Feldhamster m\u00fcssen eventuell umgesiedelt werden, was genau kosten die Ausgleichsma\u00dfnahmen f\u00fcr die Feldlerche &#8211; diese Frageliste k\u00f6nnten wir noch lange fortf\u00fchren. Wir wollen Ihnen mit dieser kleinen Auswahl nur zeigen, warum zum jetzigen Zeitpunkt noch keine seri\u00f6se Gesamtfinanzrechnung aufgezeigt werden kann. Klar ist jedoch: Wenn das Projekt gelingt, profitiert die Gemeinde dann nat\u00fcrlich auch finanziell vom Verkauf der Grundst\u00fccke, der j\u00e4hrlichen Grundsteuer und sp\u00e4ter auch von einer erwarteten Gewerbesteuer. Einnahmen aus der Gewerbesteuer sind von der Anzahl der ortsans\u00e4ssigen Mitarbeiter abh\u00e4ngig und nicht vom Sitz der Firmenzentrale. Die Firma Mahle beispielsweise zahlt in W\u00f6lfersheim Gewerbesteuer, obwohl der Firmensitz in Stuttgart ist. Entgegen anders lautender Behauptungen sind Neuansiedlungen nicht von der Gewerbesteuer befreit.<\/p>\n<p>Dadurch werden wir als Gemeinde unseren B\u00fcrgerinnen und B\u00fcrgern Kostenerh\u00f6hungen ersparen und die Infrastruktur (Kinderg\u00e4rten, Stra\u00dfen, Wasser, Abwasser, Feuerwehr usw.) verbessern, so unser Plan. Das muss bezahlt werden, die Wasserqualit\u00e4t des W\u00f6lfersheimer Sees soll verbessert und viele zuk\u00fcnftige Aufgaben m\u00fcssen bew\u00e4ltigt werden.<\/p>\n<p><strong>Die Vorteile \u00fcberwiegen<\/strong><\/p>\n<p>Eine pauschale Verteufelung ist bei dem Thema nicht angebracht. \u201eWirtschaft\u201c, \u201eFortschritt\u201c, \u201eProfit\u201c sind doch nicht von vornherein schlecht, wenn dies verbunden ist mit \u201eAusbildung\u201c, \u201eArbeit\u201c, \u201eEinkommen\u201c und \u201eLebensqualit\u00e4t\u201c f\u00fcr alle. Die Vorteile \u00fcberwiegen die Nachteile bei Weitem! &#8211; \u201eAngst\u201c und \u201eNeid\u201c sind da schlechte Ratgeber.<\/p>\n<p>Sollten Ihnen vermeintliche Argumente oder Ger\u00fcchte dennoch Sorgen bereiten, dann tragen Sie diese bitte nicht mit sich rum. Sprechen Sie am besten unseren B\u00fcrgermeister Eike See direkt in einer Sprechstunde dazu an, schreiben Sie ihm (eike.see@woelfersheim.de) oder rufen Sie im Rathaus an (06036 97 37 12).<\/p>\n<p><strong>Es gibt bei diesem Projekt nichts zu verbergen \u2013 aber viel f\u00fcr unsere Gemeinde zu gewinnen.<\/strong><\/p>\n<p>Wir appellieren an Sie, liebe Mitb\u00fcrgerinnen und Mitb\u00fcrger, sich nicht von unsachlichen Spekulationen, Unterstellungen und Bef\u00fcrchtungen verunsichern zu lassen. Wir leisten im Gemeindeparlament eine gewissenhafte Abw\u00e4gung aller Argumente und haben immer das Wohl der Allgemeinheit im Blick. Das ist unsere vordringliche Aufgabe, die wir, so gut es irgend geht, erf\u00fcllen.<\/p>\n<p>Mit herzlichem Gru\u00df<br \/>\nIhre W\u00f6lfersheimer Gemeindevertreterinnen und Gemeindevertreter von CDU, FWG und SPD<\/p>\n<p><img loading=\"lazy\" decoding=\"async\" src=\"http:\/\/spdwoelfersheim.de\/wp-content\/uploads\/2019\/02\/fraktion.jpg\" width=\"708\" height=\"456\"><\/p>\n<p>Eine Ver\u00f6ffentlichung der Fraktionen von CDU, FWG und SPD im W\u00f6lfersheimer Gemeindeparlament.<br \/>\nStellvertretend V.i.S.d.P.: Matthias Appel, Wohnbacher Stra\u00dfe 15, 61200 W\u00f6lfersheim<\/p>\n<p><a href=\"http:\/\/spdwoelfersheim.de\/data\/buergerbrief0219.pdf\" target=\"_blank\" rel=\"noopener noreferrer\">\u00bb B\u00fcrgerbrief zum Download als PDF<\/a><br \/>\n(Rechtsklick &#x21E8; Ziel\/Link speichern unter)<\/p>\n","protected":false},"excerpt":{"rendered":"<p>An die B\u00fcrgerinnen und B\u00fcrger in der Gemeinde W\u00f6lfersheim Liebe B\u00fcrgerinnen und B\u00fcrger W\u00f6lfersheims, wir m\u00f6chten Ihnen auf diesem Weg versichern, dass wir als Gemeindevertreterinnen und Gemeindevertreter unsere Aufgaben in der W\u00f6lfersheimer Gemeindevertretung \u00fcberaus ernst nehmen. Wir f\u00e4llen unsere Entscheidungen ausschlie\u00dflich nach bestem Wissen und Gewissen zum Wohl der W\u00f6lfersheimer B\u00fcrgerinnen und B\u00fcrger. Wir nehmen [&hellip;]<\/p>\n","protected":false},"author":6,"featured_media":1170,"comment_status":"closed","ping_status":"open","sticky":false,"template":"","format":"standard","meta":{"rop_custom_images_group":[],"rop_custom_messages_group":[],"rop_publish_now":"initial","rop_publish_now_accounts":[],"rop_publish_now_history":[],"rop_publish_now_status":"pending","footnotes":""},"categories":[1],"tags":[119,293,441,317,443,442,36,436,254],"class_list":["post-1159","post","type-post","status-publish","format-standard","has-post-thumbnail","hentry","category-allgemein","tag-cdu","tag-der","tag-fraktionen","tag-fwg","tag-gemeindeparlament","tag-informationen","tag-spd","tag-von","tag-woelfersheimer"],"_links":{"self":[{"href":"http:\/\/spdwoelfersheim.de\/index.php?rest_route=\/wp\/v2\/posts\/1159","targetHints":{"allow":["GET"]}}],"collection":[{"href":"http:\/\/spdwoelfersheim.de\/index.php?rest_route=\/wp\/v2\/posts"}],"about":[{"href":"http:\/\/spdwoelfersheim.de\/index.php?rest_route=\/wp\/v2\/types\/post"}],"author":[{"embeddable":true,"href":"http:\/\/spdwoelfersheim.de\/index.php?rest_route=\/wp\/v2\/users\/6"}],"replies":[{"embeddable":true,"href":"http:\/\/spdwoelfersheim.de\/index.php?rest_route=%2Fwp%2Fv2%2Fcomments&post=1159"}],"version-history":[{"count":8,"href":"http:\/\/spdwoelfersheim.de\/index.php?rest_route=\/wp\/v2\/posts\/1159\/revisions"}],"predecessor-version":[{"id":1169,"href":"http:\/\/spdwoelfersheim.de\/index.php?rest_route=\/wp\/v2\/posts\/1159\/revisions\/1169"}],"wp:featuredmedia":[{"embeddable":true,"href":"http:\/\/spdwoelfersheim.de\/index.php?rest_route=\/wp\/v2\/media\/1170"}],"wp:attachment":[{"href":"http:\/\/spdwoelfersheim.de\/index.php?rest_route=%2Fwp%2Fv2%2Fmedia&parent=1159"}],"wp:term":[{"taxonomy":"category","embeddable":true,"href":"http:\/\/spdwoelfersheim.de\/index.php?rest_route=%2Fwp%2Fv2%2Fcategories&post=1159"},{"taxonomy":"post_tag","embeddable":true,"href":"http:\/\/spdwoelfersheim.de\/index.php?rest_route=%2Fwp%2Fv2%2Ftags&post=1159"}],"curies":[{"name":"wp","href":"https:\/\/api.w.org\/{rel}","templated":true}]}}