{"id":1200,"date":"2019-03-19T19:45:33","date_gmt":"2019-03-19T17:45:33","guid":{"rendered":"http:\/\/spdwoelfersheim.de\/?p=1200"},"modified":"2021-01-12T13:40:08","modified_gmt":"2021-01-12T11:40:08","slug":"der-alte-ist-der-neue","status":"publish","type":"post","link":"http:\/\/spdwoelfersheim.de\/?p=1200","title":{"rendered":"Der Alte ist der Neue"},"content":{"rendered":"<p><strong>SPD Ortsbezirk S\u00f6del w\u00e4hlt Michael Schmidt zum Vorsitzenden<\/strong><\/p>\n<p>Der SPD-Ortsbezirk S\u00f6del lud k\u00fcrzlich seine Mitglieder zur Jahreshauptversammlung in die Gastst\u00e4tte \u201eSodila\u201c ein. Im Mittelpunkt des Abends standen neben dem traditionellen gemeinsamen Essen die Vorstandswahlen. Erster Vorsitzender Eike See freute sich besonders \u00fcber die Neueintritte von Felicitas Ziegler und Tim Grieshammer und gab einen R\u00fcckblick auf seine Amtszeit und die Leistungen der S\u00f6deler Genossen\/innen im vergangenen Jahr. In seinem Bericht bot See danach auch einen Ausblick auf kommende Aktivit\u00e4ten der SPD in dem W\u00f6lfersheimer Ortsteil: Am 18.05. ist die Neuauflage des \u201eS\u00f6deler Brunnenfests\u201c geplant. Am 26.Mai findet die Europawahl statt und der S\u00f6deler Adventsmarkt am 30.11.2019 soll, so hoffen die Genossen, wieder ein H\u00f6hepunkt des Jahres sein. Da die Kassenf\u00fchrung f\u00fcr richtig und ordnungsgem\u00e4\u00df erkl\u00e4rt werden konnte, erfuhr der Vorstand einstimmige Entlastung. Berichte aus der W\u00f6lfersheimer Gemeindevertretung, dem Gemeindevorstand und dem Ortsverein folgten.<br \/>\nAnschlie\u00dfend leiteten Claudia und Cordula G\u00f6bel die anstehenden Wahlen. Der bisherige 1.Vorsitzende Eike See verzichtete auf eine weitere Kandidatur. Da er im Fr\u00fchjahr 2018 mit 67% zum B\u00fcrgermeister der Gro\u00dfgemeinde gew\u00e4hlt worden war, \u201efehle ihm die Zeit, um weiterhin als erster Vorsitzender den SPD-Ortsbezirk S\u00f6del zu leiten, sei aber gerne bereit aus zweiter Reihe den neuen Vorsitzenden zu unterst\u00fctzen.\u201c See dankte den S\u00f6deler Genossen\/innen f\u00fcr die beispielhafte Unterst\u00fctzung im Wahlkampf und bat um Verst\u00e4ndnis f\u00fcr seine Entscheidung, da das B\u00fcrgermeisteramt einen Gro\u00dfteil seiner Aufmerksamkeit erfordere. Einziger Kandidat f\u00fcr den Vorsitz war Michael Schmidt, der schon in den Jahren vor Eike See Vorsitzender des Ortsbezirks S\u00f6del gewesen war. Damals aber aus beruflichen Gr\u00fcnden k\u00fcrzer treten musste. \u201eNun sei er wieder bereit, f\u00fcr den SPD Ortsbezirk S\u00f6del aktiver werden zu k\u00f6nnen,\u201c versprach Schmidt. Die Wahlen erfolgten einstimmig ohne Gegenstimmen, so dass der fr\u00fchere erste Vorsitzende nun auch wieder der neue erste Vorsitzende in der S\u00f6deler SPD ist. Anschlie\u00dfend wurde B\u00fcrgermeister Eike See ebenfalls einstimmig zum neuen zweiten Vorsitzenden gew\u00e4hlt. Auch die weiteren Vorstandswahlen waren von gro\u00dfer Einigkeit bestimmt: Die Wahlen f\u00fcr den Schriftf\u00fchrer (Rudger Rauch), den Rechner (Steffen Sauer), der Beisitzer (Marie Theres Arnold, Claudia G\u00f6bel, Sven Oleschko, Angelika und Karl Ernst Pulkert, Rita Rie\u00df. Gerti und Manfred Sauer), f\u00fcr die Beisitzer zum Ortsvereinsvorstand (Rudger Rauch, Angelika Pulkert, Gerti und Manfred Sauer), f\u00fcr die Delegierten zum Unterbezirksparteitag der SPD (Joachim Arnold, Michael Schmidt, Eike See und Henning See) und f\u00fcr die beiden Kassenpr\u00fcfer (Katrin K\u00f6tter und Henning See) verliefen einstimmig. \u2013 Bevor man in lockerer Runde zusammensa\u00df, schloss der neue \u201ealte\u201c erste Vorsitzende Michael Schmidt gegen 20Uhr30 die \u00fcberaus einvernehmliche Jahreshauptversammlung.<\/p>\n","protected":false},"excerpt":{"rendered":"<p>SPD Ortsbezirk S\u00f6del w\u00e4hlt Michael Schmidt zum Vorsitzenden Der SPD-Ortsbezirk S\u00f6del lud k\u00fcrzlich seine Mitglieder zur Jahreshauptversammlung in die Gastst\u00e4tte \u201eSodila\u201c ein. Im Mittelpunkt des Abends standen neben dem traditionellen gemeinsamen Essen die Vorstandswahlen. Erster Vorsitzender Eike See freute sich besonders \u00fcber die Neueintritte von Felicitas Ziegler und Tim Grieshammer und gab einen R\u00fcckblick auf [&hellip;]<\/p>\n","protected":false},"author":6,"featured_media":1201,"comment_status":"closed","ping_status":"open","sticky":false,"template":"","format":"standard","meta":{"rop_custom_images_group":[],"rop_custom_messages_group":[],"rop_publish_now":"initial","rop_publish_now_accounts":[],"rop_publish_now_history":[],"rop_publish_now_status":"pending","footnotes":""},"categories":[1],"tags":[437,293,354],"class_list":["post-1200","post","type-post","status-publish","format-standard","has-post-thumbnail","hentry","category-allgemein","tag-alte","tag-der","tag-neue"],"_links":{"self":[{"href":"http:\/\/spdwoelfersheim.de\/index.php?rest_route=\/wp\/v2\/posts\/1200","targetHints":{"allow":["GET"]}}],"collection":[{"href":"http:\/\/spdwoelfersheim.de\/index.php?rest_route=\/wp\/v2\/posts"}],"about":[{"href":"http:\/\/spdwoelfersheim.de\/index.php?rest_route=\/wp\/v2\/types\/post"}],"author":[{"embeddable":true,"href":"http:\/\/spdwoelfersheim.de\/index.php?rest_route=\/wp\/v2\/users\/6"}],"replies":[{"embeddable":true,"href":"http:\/\/spdwoelfersheim.de\/index.php?rest_route=%2Fwp%2Fv2%2Fcomments&post=1200"}],"version-history":[{"count":2,"href":"http:\/\/spdwoelfersheim.de\/index.php?rest_route=\/wp\/v2\/posts\/1200\/revisions"}],"predecessor-version":[{"id":1203,"href":"http:\/\/spdwoelfersheim.de\/index.php?rest_route=\/wp\/v2\/posts\/1200\/revisions\/1203"}],"wp:featuredmedia":[{"embeddable":true,"href":"http:\/\/spdwoelfersheim.de\/index.php?rest_route=\/wp\/v2\/media\/1201"}],"wp:attachment":[{"href":"http:\/\/spdwoelfersheim.de\/index.php?rest_route=%2Fwp%2Fv2%2Fmedia&parent=1200"}],"wp:term":[{"taxonomy":"category","embeddable":true,"href":"http:\/\/spdwoelfersheim.de\/index.php?rest_route=%2Fwp%2Fv2%2Fcategories&post=1200"},{"taxonomy":"post_tag","embeddable":true,"href":"http:\/\/spdwoelfersheim.de\/index.php?rest_route=%2Fwp%2Fv2%2Ftags&post=1200"}],"curies":[{"name":"wp","href":"https:\/\/api.w.org\/{rel}","templated":true}]}}