{"id":1204,"date":"2019-03-26T17:25:55","date_gmt":"2019-03-26T15:25:55","guid":{"rendered":"http:\/\/spdwoelfersheim.de\/?p=1204"},"modified":"2021-01-12T13:40:08","modified_gmt":"2021-01-12T11:40:08","slug":"woelfersheimer-spd-koetter-uebernimmt-vorsitz-von-weber","status":"publish","type":"post","link":"http:\/\/spdwoelfersheim.de\/?p=1204","title":{"rendered":"W\u00f6lfersheimer SPD: K\u00f6tter \u00fcbernimmt Vorsitz von Weber"},"content":{"rendered":"<p><strong>Eine 32j\u00e4hrige \u00c4ra geht zu Ende<\/strong><\/p>\n<p>Die W\u00f6lfersheimer SPD hat auf ihrer j\u00fcngsten Jahreshauptversammlung einen Generationswechsel an der Spitze herbeigef\u00fchrt und somit die Weichen f\u00fcr die Zukunft gestellt. Nach 32 Jahren als Vorsitzender trat Gerhard Weber nicht mehr zur Wahl an. Er wurde sichtlich bewegt mit standing Ovations geehrt und bringt sich und seine Erfahrung k\u00fcnftig als neuer zweiter Vorsitzender ein. Zuvor hatte er seine Zeit als Vorsitzender in turbulenten und erfolgreichen Jahren Revue passieren lassen und sich insbesondere \u00fcber zwei Neumitglieder in der Versammlung gefreut. Webers R\u00fcckzug von der Spitze des Ortsvereins stellt eine bemerkenswerte Z\u00e4sur dar, war Weber doch 32 Jahre lang das Gesicht der SPD in W\u00f6lfersheim. In seiner Abschiedsrede blickte Weber noch einmal zur\u00fcck auf die H\u00f6hen und Tiefen in seiner Laufbahn als Ortsvereinsvorsitzender: Die Verhinderung der M\u00fclldeponie im Rot A, der Kampf gegen die NPD im Gemeindeparlament, nach der Wende die Unterst\u00fctzung der ostdeutschen Gemeinde Hohenebra, der Ankauf des W\u00f6lfersheimer Sees vom Stromanbieter EON, der Ausbau der Singbergschule zum gymnasialen Standort und vieles mehr. Dies seien nur einige wenige Stationen seiner 32-j\u00e4hrigen Amtszeit. Sein Engagement begann 1986 nach der verpatzten Wiederwahl des damaligen B\u00fcrgermeisters Fr\u00f6hlich. Weber gelang es die Partei zu ordnen und zielorientiert zu gestalten. Weber zu verdanken sind auch die zahlreichen Besuche prominenter Sozialdemokraten in W\u00f6lfersheim: Holger B\u00f6rner, Hans Eichel, Annemarie Renger, Albert Oswald, Franz M\u00fcntefering sind nur einige hochrangige Politiker in dieser Reihe. Die Zeit von 1989-1993 in der Opposition sah Weber r\u00fcckblickend als lehrreich an. Ab 1993 gelang unter Webers Leitung der Aufstieg der Partei von ehemals 34,5% auf heutige 67,3%.<\/p>\n<p>Als Dank erhielt er neben dem aufrichtigen, lang anhaltenden Applaus eine Flasche Schnaps aus der slowakischen Partnerstadt Rab\u010da und eine Flasche Cr\u00e9mant aus der franz\u00f6sischen Partnerstadt L\u2018Isle-Sur-Le-Doubs aus den H\u00e4nden des ehemaligen W\u00f6lfersheimer B\u00fcrgermeisters und stellvertretenden Wetterauer SPD-Vorsitzenden Rouven K\u00f6tter. Landtagsabgeordnete und Unterbezirksvorsitzende Lisa Gnadl war an Webers Abschiedssitzung extra von einem Termin in Nordhessen nach W\u00f6lfersheim geeilt, um ihm f\u00fcr seine Verdienste zu danken. Sie bezeichnete Weber als bewundernswerten Organisator und r\u00fchrigen Macher, der immer das direkte Gespr\u00e4ch sucht. Sie sei froh, dass er sich nicht komplett aus der Politik verabschiede, sondern als zweiter Vorsitzender in W\u00f6lfersheim und Kassierer des SPD-Unterbezirks aktiv bleibe.<\/p>\n<p>Neben dem Bericht des scheidenden Vorsitzenden Gerhard Webers wussten auch B\u00fcrgermeister Eike See sowie der neue Fraktionsvorsitzende Matthias Appel und sein Vorg\u00e4nger Karl-Ernst Pulkert \u00fcber die j\u00fcngsten Ereignisse in der Gemeinde W\u00f6lfersheim zu berichten. B\u00fcrgermeister See dankte f\u00fcr die Unterst\u00fctzung bei seinem Wahlkampf und der Amts\u00fcbernahme. Es sei ein arbeitsintensives, aufregendes erstes Jahr als W\u00f6lfersheimer B\u00fcrgermeister gewesen. Er bedauerte, dass in der Au\u00dfenwahrnehmung die Vorz\u00fcge W\u00f6lfersheims derzeit zu wenig gew\u00fcrdigt w\u00fcrden. W\u00f6lfersheim habe viele Qualit\u00e4ten: Baugrundst\u00fccke zu fairen Preisen, hervorragende Kinderbetreuung, kompetente Schulbildung von der Grundschule bis zur mittleren Reife und zum Abitur, die Neugestaltung des Bahnhofs und die Ortskernsanierung seien nur einige Beispiele f\u00fcr die nachhaltig positive Entwicklung der Gemeinde. Die stabile SPD-Mehrheit in der Gemeindevertretung sei Voraussetzung auch f\u00fcr die zuk\u00fcnftig gute Entwicklung von W\u00f6lfersheim.\u00a0 Pulkert und Appel gingen auf die letzten Antr\u00e4ge der SPD-Fraktion im Parlament ein und diskutierten \u00fcber die aktuellen Projekte und Herausforderungen in der Gemeinde.<\/p>\n<p>Bei den anschlie\u00dfenden Neuwahlen wurde Rouven K\u00f6tter in geheimer Wahl einstimmig zum neuen ersten Vorsitzenden der W\u00f6lfersheimer SPD gew\u00e4hlt. \u201eIch freue mich sehr darauf, gemeinsam mit vielen engagierten Menschen weiterhin an der erfolgreichen Gestaltung unserer Gemeinde mitwirken zu d\u00fcrfen.\u201c Dem Vorstand geh\u00f6ren au\u00dferdem folgende Personen an: Gerhard Weber (2. Vorsitzender), Bruno G\u00fcnther (Kassierer), Gerhard Fuchs (stellvertretender Kassierer), Rita Rie\u00df (Schriftf\u00fchrerin), Dr. J\u00fcrgen Polster (stellvertretender Schriftf\u00fchrer), Karl-Ernst Pulkert (Pressewart), Sven Oleschko (stellvertretender Pressewart).<\/p>\n<p>Beisitzer sind: Nina Gerlach, Matthias Appel, Carmen K\u00f6rschner, Rudi Kresin, Susanne Beimel, Horst Maul, Gabriele von Bechtolsheim, Loni Konietzke, Manfred Sauer, Friedhelm Philipps, Stefan Bodem, Rudger Rauch, Angelika Pulkert, Gerti Sauer, Maximilian Deuster und Michael Kr\u00e4h&#8230;.<br \/>\nAu\u00dferdem wurden die Delegierten f\u00fcr den Unterbezirksparteitag gew\u00e4hlt. Dies sind: Rouven K\u00f6tter, Gerhard Weber, Eike See, Karl Otto Waas, Joachim Arnold, Matthias Appel, Sebastian G\u00f6bel, Michael Schmidt und Stefan Bodem.<\/p>\n<p>Alle Anwesenden waren sich abschlie\u00dfend einig, dass die W\u00f6lfersheimer SPD nach der erfolgreichen B\u00fcrgermeisterwahl mit Eike See, dem Generationswechsel an der Fraktionsspitze mit Matthias Appel und dem nun erfolgten Wechsel an der Spitze der Partei mit Rouven K\u00f6tter hervorragend f\u00fcr die Zukunft aufgestellt ist und weiterhin die gestaltende politische Kraft in W\u00f6lfersheim sein wird.\u00a0<br \/>\n\u00a0<\/p>\n<p><a href=\"http:\/\/spdwoelfersheim.de\/wp-content\/uploads\/2019\/03\/2019-SPD-JHV_Vorstand.jpg\"><img loading=\"lazy\" decoding=\"async\" src=\"http:\/\/spdwoelfersheim.de\/wp-content\/uploads\/2019\/03\/2019-SPD-JHV_Vorstand-1024x683.jpg\" alt=\"\" width=\"640\" height=\"427\" class=\"alignleft size-large wp-image-1205\" srcset=\"http:\/\/spdwoelfersheim.de\/wp-content\/uploads\/2019\/03\/2019-SPD-JHV_Vorstand-1024x683.jpg 1024w, http:\/\/spdwoelfersheim.de\/wp-content\/uploads\/2019\/03\/2019-SPD-JHV_Vorstand-300x200.jpg 300w, http:\/\/spdwoelfersheim.de\/wp-content\/uploads\/2019\/03\/2019-SPD-JHV_Vorstand-768x512.jpg 768w\" sizes=\"auto, (max-width: 640px) 100vw, 640px\" \/><\/a><br \/>\nDer neu gew\u00e4hlte Vorstand der W\u00f6lfersheimer SPD<\/p>\n<p><a href=\"http:\/\/spdwoelfersheim.de\/wp-content\/uploads\/2019\/03\/2019-SPD-JHV_weber2.jpg\"><img loading=\"lazy\" decoding=\"async\" src=\"http:\/\/spdwoelfersheim.de\/wp-content\/uploads\/2019\/03\/2019-SPD-JHV_weber2-1024x683.jpg\" alt=\"\" width=\"640\" height=\"427\" class=\"alignleft size-large wp-image-1206\" srcset=\"http:\/\/spdwoelfersheim.de\/wp-content\/uploads\/2019\/03\/2019-SPD-JHV_weber2-1024x683.jpg 1024w, http:\/\/spdwoelfersheim.de\/wp-content\/uploads\/2019\/03\/2019-SPD-JHV_weber2-300x200.jpg 300w, http:\/\/spdwoelfersheim.de\/wp-content\/uploads\/2019\/03\/2019-SPD-JHV_weber2-768x512.jpg 768w\" sizes=\"auto, (max-width: 640px) 100vw, 640px\" \/><\/a><br \/>\nDer neue Vorsitzende Rouven K\u00f6tter dankt seinem Vorg\u00e4nger Gerhard Weber f\u00fcr 32 Jahre erfolgreiche Jahre an der Spitze der W\u00f6lfersheimer SPD<\/p>\n<p><center><style type=\"text\/css\">\n.post-gallery a {position: relative; display: inline-flex;}\n.post-gallery .is-video:before {\n    content: \"\\f236\"; position: absolute; font-family: Dashicons; font-size: 50px;\n    color: #fff; align-self: center; left: calc(50% - 25px); text-shadow: 0 0 4px #000;\n}\n.post-gallery .is-video:hover:before {color: rgba(255,255,255,0.8); text-shadow: none;}\n<\/style>\n<div class=\"post-gallery\">\n            <a href=\"http:\/\/spdwoelfersheim.de\/wp-content\/uploads\/2019\/03\/IMG_5266.jpg\"\n            class=\"swipebox \"\n            rel=\"post-gallery-1204\"\n            title=\"\"\n        >\n            <img decoding=\"async\" src=\"http:\/\/spdwoelfersheim.de\/wp-content\/uploads\/2026\/04\/1209-IMG_5266-150x150.jpg\"\n                alt=\"\"\n            \/>\n        <\/a>\n            <a href=\"http:\/\/spdwoelfersheim.de\/wp-content\/uploads\/2019\/03\/IMG_5270.jpg\"\n            class=\"swipebox \"\n            rel=\"post-gallery-1204\"\n            title=\"\"\n        >\n            <img decoding=\"async\" src=\"http:\/\/spdwoelfersheim.de\/wp-content\/uploads\/2026\/04\/1210-IMG_5270-150x150.jpg\"\n                alt=\"\"\n            \/>\n        <\/a>\n            <a href=\"http:\/\/spdwoelfersheim.de\/wp-content\/uploads\/2019\/03\/IMG_5271.jpg\"\n            class=\"swipebox \"\n            rel=\"post-gallery-1204\"\n            title=\"\"\n        >\n            <img decoding=\"async\" src=\"http:\/\/spdwoelfersheim.de\/wp-content\/uploads\/2026\/04\/1211-IMG_5271-150x150.jpg\"\n                alt=\"\"\n            \/>\n        <\/a>\n    <\/div><\/center><\/p>\n","protected":false},"excerpt":{"rendered":"<p>Eine 32j\u00e4hrige \u00c4ra geht zu Ende Die W\u00f6lfersheimer SPD hat auf ihrer j\u00fcngsten Jahreshauptversammlung einen Generationswechsel an der Spitze herbeigef\u00fchrt und somit die Weichen f\u00fcr die Zukunft gestellt. Nach 32 Jahren als Vorsitzender trat Gerhard Weber nicht mehr zur Wahl an. Er wurde sichtlich bewegt mit standing Ovations geehrt und bringt sich und seine Erfahrung [&hellip;]<\/p>\n","protected":false},"author":6,"featured_media":1207,"comment_status":"closed","ping_status":"open","sticky":false,"template":"","format":"standard","meta":{"rop_custom_images_group":[],"rop_custom_messages_group":[],"rop_publish_now":"initial","rop_publish_now_accounts":[],"rop_publish_now_history":[],"rop_publish_now_status":"pending","footnotes":""},"categories":[1],"tags":[118,36,436,435,375,254],"class_list":["post-1204","post","type-post","status-publish","format-standard","has-post-thumbnail","hentry","category-allgemein","tag-koetter","tag-spd","tag-von","tag-vorsitz","tag-weber","tag-woelfersheimer"],"_links":{"self":[{"href":"http:\/\/spdwoelfersheim.de\/index.php?rest_route=\/wp\/v2\/posts\/1204","targetHints":{"allow":["GET"]}}],"collection":[{"href":"http:\/\/spdwoelfersheim.de\/index.php?rest_route=\/wp\/v2\/posts"}],"about":[{"href":"http:\/\/spdwoelfersheim.de\/index.php?rest_route=\/wp\/v2\/types\/post"}],"author":[{"embeddable":true,"href":"http:\/\/spdwoelfersheim.de\/index.php?rest_route=\/wp\/v2\/users\/6"}],"replies":[{"embeddable":true,"href":"http:\/\/spdwoelfersheim.de\/index.php?rest_route=%2Fwp%2Fv2%2Fcomments&post=1204"}],"version-history":[{"count":3,"href":"http:\/\/spdwoelfersheim.de\/index.php?rest_route=\/wp\/v2\/posts\/1204\/revisions"}],"predecessor-version":[{"id":1213,"href":"http:\/\/spdwoelfersheim.de\/index.php?rest_route=\/wp\/v2\/posts\/1204\/revisions\/1213"}],"wp:featuredmedia":[{"embeddable":true,"href":"http:\/\/spdwoelfersheim.de\/index.php?rest_route=\/wp\/v2\/media\/1207"}],"wp:attachment":[{"href":"http:\/\/spdwoelfersheim.de\/index.php?rest_route=%2Fwp%2Fv2%2Fmedia&parent=1204"}],"wp:term":[{"taxonomy":"category","embeddable":true,"href":"http:\/\/spdwoelfersheim.de\/index.php?rest_route=%2Fwp%2Fv2%2Fcategories&post=1204"},{"taxonomy":"post_tag","embeddable":true,"href":"http:\/\/spdwoelfersheim.de\/index.php?rest_route=%2Fwp%2Fv2%2Ftags&post=1204"}],"curies":[{"name":"wp","href":"https:\/\/api.w.org\/{rel}","templated":true}]}}