{"id":1224,"date":"2019-04-02T18:21:53","date_gmt":"2019-04-02T16:21:53","guid":{"rendered":"http:\/\/spdwoelfersheim.de\/?p=1224"},"modified":"2021-01-12T13:35:53","modified_gmt":"2021-01-12T11:35:53","slug":"1224","status":"publish","type":"post","link":"http:\/\/spdwoelfersheim.de\/?p=1224","title":{"rendered":"Kontakt mit Projektkritikern"},"content":{"rendered":"<p>Die zw\u00f6lf W\u00f6lfersheimer B\u00fcrger, die vor einiger Zeit einen offenen Brief mit Fragen zur REWE-Ansiedlung an die W\u00f6lfersheimer Gemeindevertreter versendet haben, haben nun mit einer Presseerkl\u00e4rung Vorw\u00fcrfe an die Adresse der W\u00f6lfersheimer SPD adressiert.  Mit gro\u00dfer Verwunderung reagierte der Fraktionsvorsitzende der W\u00f6lfersheimer SPD Matthias Appel darauf.<\/p>\n<p>In der Pressemitteilung werden mehrere Punkte behauptet, die fernab jeder Realit\u00e4t sind. Leider zieht sich dies wie ein roter Faden durch die Diskussion rund um die REWE-Ansiedlung an der A45 bei Berstadt.<\/p>\n<p>So wird in der Pressemitteilung behauptet, dass weder der W\u00f6lfersheimer B\u00fcrgermeister Eike See noch Appel in seiner Funktion als Fraktionsvorsitzender auf den Brief reagiert h\u00e4tten.<\/p>\n<p>\u201eDiese Aussage ist schlichtweg gelogen.\u201c stellen die beiden nun in einer gemeinsamen Erkl\u00e4rung klar. \u201eNach einer kurzen internen Abstimmung hatten wir uns dazu entschieden, ein direktes Gespr\u00e4ch mit den Verfassern des Briefes zu f\u00fchren.\u201c<\/p>\n<p>Dieses Gespr\u00e4ch fand im Rahmen der B\u00fcrgersprechstunde von See statt und dauerte eine Stunde. Im Laufe des Gespr\u00e4ches kam auch die Antwort des SPD-Gemeindevertreters zur Sprache, die nun in Ton und Inhalt kritisiert wurde. \u201eDie ehrenamtlichen Gemeindevertreter mussten und m\u00fcssen bei diesem Projekt viel einstecken und werden von den Projekt-Gegnern \u00f6ffentlich als naiv und unwissend dargestellt. Es wird behauptet, sie w\u00fcrden l\u00fcgen und sich \u00fcber den Tisch ziehen lassen. Es ist menschlich nachvollziehbar, dass einem da auch irgendwann mal der Kragen platzen kann. Nichts desto trotz war der Ton der Mail sicher nicht gl\u00fccklich und wir haben das auch innerhalb der Fraktion entsprechend thematisiert.\u201c so See dazu. Ebenfalls wurde durch See klargestellt, dass jeder Unterzeichner eine schriftliche Antwort auf den Brief erh\u00e4lt. Diese Antwort folgte einige Tage sp\u00e4ter in Form eines mehr als drei Seiten umfassenden Briefes.<\/p>\n<p>Dieser Brief wurde von den Fraktionsvorsitzenden der CDU, FWG und SPD unterzeichnet und ging an alle Haushalte in W\u00f6lfersheim. Auch die 12 Personen, die sich nun beschweren, dass sie keine Antwort erhalten h\u00e4tten, haben dieses Schreiben erhalten.<\/p>\n<p>Weiterhin schreiben die REWE-Kritiker in ihrer Pressemitteilung, dass in dem Antwortschreiben der CDU, FWG und SPD von Zank und Unfrieden gesprochen wird und nicht genau klar gestellt wird, wen die Fraktionsvorsitzenden damit meinen.<\/p>\n<p>Appel antwortet darauf wie folgt: \u201eIm Laufe der letzten zwei Jahre wurden viele Aussagen verbreitet, die mehrfach widerlegt wurden. Trotzdem wurden und werden sie st\u00e4ndig wiederholt. Die Herkunft ist klar: Es kommt von den W\u00f6lfersheimer und Echzeller Gr\u00fcnen beziehungsweise der gr\u00fcn-gef\u00fchrten B\u00fcrgerinitiative und jetzt von den Briefverfassern, die ebenfalls eindeutig aus dem Umfeld der W\u00f6lfersheimer Gr\u00fcnen kommen,\u201c. Als Beispiele z\u00e4hlt Appel hier Umweltgutachten, Verkehrsgutachten und die zu erwartenden 550 Mitarbeiter und 20 Ausbildungspl\u00e4tze auf.<br \/>\nEike See erg\u00e4nzt: \u201eDie Taktik der Gr\u00fcnen ist klar erkennbar: Sie nutzen vermeintlich neutrale B\u00fcrger als Deckmantel. Mit deren Hilfe soll davon abgelenkt werden, dass der Protest von den Gr\u00fcnen politisch gesteuert und instrumentalisiert wird. Es geht den R\u00fcckl-Gr\u00fcnen nur darum, Stimmung gegen die Gemeinde zu machen und W\u00e4hlerstimmen zu generieren. Ich kann nur jeden B\u00fcrger bitten, diese vermeintlich neutrale Kritik sorgsam zu hinterfragen und stehe gerne weiterhin jedem B\u00fcrger zur Verf\u00fcgung, der Fragen rund um die Ansiedlung hat\u201c.<\/p>\n","protected":false},"excerpt":{"rendered":"<p>Die zw\u00f6lf W\u00f6lfersheimer B\u00fcrger, die vor einiger Zeit einen offenen Brief mit Fragen zur REWE-Ansiedlung an die W\u00f6lfersheimer Gemeindevertreter versendet haben, haben nun mit einer Presseerkl\u00e4rung Vorw\u00fcrfe an die Adresse der W\u00f6lfersheimer SPD adressiert. Mit gro\u00dfer Verwunderung reagierte der Fraktionsvorsitzende der W\u00f6lfersheimer SPD Matthias Appel darauf. In der Pressemitteilung werden mehrere Punkte behauptet, die fernab [&hellip;]<\/p>\n","protected":false},"author":6,"featured_media":961,"comment_status":"closed","ping_status":"open","sticky":false,"template":"","format":"standard","meta":{"rop_custom_images_group":[],"rop_custom_messages_group":[],"rop_publish_now":"initial","rop_publish_now_accounts":[],"rop_publish_now_history":[],"rop_publish_now_status":"pending","footnotes":""},"categories":[1],"tags":[434,433],"class_list":["post-1224","post","type-post","status-publish","format-standard","has-post-thumbnail","hentry","category-allgemein","tag-kontakt","tag-projektkritikern"],"_links":{"self":[{"href":"http:\/\/spdwoelfersheim.de\/index.php?rest_route=\/wp\/v2\/posts\/1224","targetHints":{"allow":["GET"]}}],"collection":[{"href":"http:\/\/spdwoelfersheim.de\/index.php?rest_route=\/wp\/v2\/posts"}],"about":[{"href":"http:\/\/spdwoelfersheim.de\/index.php?rest_route=\/wp\/v2\/types\/post"}],"author":[{"embeddable":true,"href":"http:\/\/spdwoelfersheim.de\/index.php?rest_route=\/wp\/v2\/users\/6"}],"replies":[{"embeddable":true,"href":"http:\/\/spdwoelfersheim.de\/index.php?rest_route=%2Fwp%2Fv2%2Fcomments&post=1224"}],"version-history":[{"count":2,"href":"http:\/\/spdwoelfersheim.de\/index.php?rest_route=\/wp\/v2\/posts\/1224\/revisions"}],"predecessor-version":[{"id":1226,"href":"http:\/\/spdwoelfersheim.de\/index.php?rest_route=\/wp\/v2\/posts\/1224\/revisions\/1226"}],"wp:featuredmedia":[{"embeddable":true,"href":"http:\/\/spdwoelfersheim.de\/index.php?rest_route=\/wp\/v2\/media\/961"}],"wp:attachment":[{"href":"http:\/\/spdwoelfersheim.de\/index.php?rest_route=%2Fwp%2Fv2%2Fmedia&parent=1224"}],"wp:term":[{"taxonomy":"category","embeddable":true,"href":"http:\/\/spdwoelfersheim.de\/index.php?rest_route=%2Fwp%2Fv2%2Fcategories&post=1224"},{"taxonomy":"post_tag","embeddable":true,"href":"http:\/\/spdwoelfersheim.de\/index.php?rest_route=%2Fwp%2Fv2%2Ftags&post=1224"}],"curies":[{"name":"wp","href":"https:\/\/api.w.org\/{rel}","templated":true}]}}