{"id":1228,"date":"2019-04-15T05:00:56","date_gmt":"2019-04-15T03:00:56","guid":{"rendered":"http:\/\/spdwoelfersheim.de\/?p=1228"},"modified":"2021-01-12T13:35:53","modified_gmt":"2021-01-12T11:35:53","slug":"gibts-den-osterhasen-wirklich","status":"publish","type":"post","link":"http:\/\/spdwoelfersheim.de\/?p=1228","title":{"rendered":"Gibt&#8217;s den Osterhasen wirklich?"},"content":{"rendered":"<p><strong>Als ich so ungef\u00e4hr 3 oder 4 Jahre alt war, so genau wei\u00df ich das nicht mehr, da begann ich an der Existenz des Osterhasen zu zweifeln&#8230;<\/strong><\/p>\n<p>Als ich so ungef\u00e4hr 3 oder 4 Jahre alt war, so genau wei\u00df ich das nicht mehr, da begann ich an der Existenz des Osterhasen zu zweifeln. An Weihnachten hatte ich n\u00e4mlich herausgefunden, dass das Christkind meine verkleidete Tante gewesen war, die einen Spitzenvorhang vorm Gesicht hatte und ihre Stimme angestrengt liebevoll verstellt hatte.<\/p>\n<p><strong>Konnte es also sein, dass meine Tante nun als Hase verkleidet im Garten herumh\u00fcpfen w\u00fcrde???<\/strong><\/p>\n<p>Das Risiko nicht an den Osterhasen zu glauben, wollte ich aber auch nicht eingehen. Wenn der dann wirklich auftauchte und sauer war, dass ich kein Nest f\u00fcr ihn gebaut hatte, dann gab&#8217;s bestimmt keine bunten Eier. Also ging Opa mit mir in den Wald Moos sammeln, aus dem wurde im Garten ein absolut hochwertiges Nest f\u00fcr den Osterhasen gebaut. Da wurde nicht an moosiger Polsterung gespart. Irgendwie muss Opa meine Zweifel an der Osterhasenexistenz gesp\u00fcrt haben. Jedenfalls hoppelte am Ostermorgen ein echter fetter Hase um mein Osternest herum. Ich war total \u00fcberw\u00e4ltigt und begeistert bis in die Haarspitzen. Es war jedenfalls auf den ersten Blick klar, das war nicht meine Tante. Die fra\u00df n\u00e4mlich nie die ersten gr\u00fcnen Gartenkr\u00e4uter. Das tat aber dieser Hase.<\/p>\n<p>Und ich war nun ganz sicher: Das war er, der absolut echte unverf\u00e4lschte authentische Osterhase, wenn nicht sogar der Ober-Osterhase h\u00f6chstpers\u00f6nlich. Erst Jahre sp\u00e4ter erfuhr ich die furchtbare Wahrheit: Der Osterhase damals war aus dem Stall des Nachbarn nur ausgeliehen um mich armes kleines B\u00fcbchen l\u00e4nger an Wunder glauben zu lassen. Aber ich muss damals schon etwas von<br \/>\neinem Sozi in mir gehabt haben, denn ich verteidigte den Hasen gegen meine Oma, die ihn aus den ersten Schnittlauchspitzen vertreiben wollte. Mein Ober-Osterhase durfte die gr\u00fcnen St\u00e4ngelchen ratzeputz abfressen. Denn wer so schwer arbeitet wie der Osterhase, soll auch vern\u00fcnftig essen d\u00fcrfen, oder?<\/p>\n<p>Euer Willy<\/p>\n<p><a href=\"http:\/\/spdwoelfersheim.de\/wp-content\/uploads\/2019\/04\/ostern-2-2019.jpg\"><img loading=\"lazy\" decoding=\"async\" src=\"http:\/\/spdwoelfersheim.de\/wp-content\/uploads\/2019\/04\/ostern-2-2019-1024x348.jpg\" alt=\"\" width=\"640\" height=\"218\" class=\"alignleft size-large wp-image-1231\" \/><\/a><\/p>\n","protected":false},"excerpt":{"rendered":"<p>Als ich so ungef\u00e4hr 3 oder 4 Jahre alt war, so genau wei\u00df ich das nicht mehr, da begann ich an der Existenz des Osterhasen zu zweifeln&#8230; Als ich so ungef\u00e4hr 3 oder 4 Jahre alt war, so genau wei\u00df ich das nicht mehr, da begann ich an der Existenz des Osterhasen zu zweifeln. An [&hellip;]<\/p>\n","protected":false},"author":6,"featured_media":0,"comment_status":"closed","ping_status":"open","sticky":false,"template":"","format":"standard","meta":{"rop_custom_images_group":[],"rop_custom_messages_group":[],"rop_publish_now":"initial","rop_publish_now_accounts":[],"rop_publish_now_history":[],"rop_publish_now_status":"pending","footnotes":""},"categories":[1],"tags":[289,432,431],"class_list":["post-1228","post","type-post","status-publish","format-standard","hentry","category-allgemein","tag-gibts","tag-osterhasen","tag-wirklich"],"_links":{"self":[{"href":"http:\/\/spdwoelfersheim.de\/index.php?rest_route=\/wp\/v2\/posts\/1228","targetHints":{"allow":["GET"]}}],"collection":[{"href":"http:\/\/spdwoelfersheim.de\/index.php?rest_route=\/wp\/v2\/posts"}],"about":[{"href":"http:\/\/spdwoelfersheim.de\/index.php?rest_route=\/wp\/v2\/types\/post"}],"author":[{"embeddable":true,"href":"http:\/\/spdwoelfersheim.de\/index.php?rest_route=\/wp\/v2\/users\/6"}],"replies":[{"embeddable":true,"href":"http:\/\/spdwoelfersheim.de\/index.php?rest_route=%2Fwp%2Fv2%2Fcomments&post=1228"}],"version-history":[{"count":4,"href":"http:\/\/spdwoelfersheim.de\/index.php?rest_route=\/wp\/v2\/posts\/1228\/revisions"}],"predecessor-version":[{"id":1499,"href":"http:\/\/spdwoelfersheim.de\/index.php?rest_route=\/wp\/v2\/posts\/1228\/revisions\/1499"}],"wp:attachment":[{"href":"http:\/\/spdwoelfersheim.de\/index.php?rest_route=%2Fwp%2Fv2%2Fmedia&parent=1228"}],"wp:term":[{"taxonomy":"category","embeddable":true,"href":"http:\/\/spdwoelfersheim.de\/index.php?rest_route=%2Fwp%2Fv2%2Fcategories&post=1228"},{"taxonomy":"post_tag","embeddable":true,"href":"http:\/\/spdwoelfersheim.de\/index.php?rest_route=%2Fwp%2Fv2%2Ftags&post=1228"}],"curies":[{"name":"wp","href":"https:\/\/api.w.org\/{rel}","templated":true}]}}