{"id":1236,"date":"2019-05-27T05:00:13","date_gmt":"2019-05-27T03:00:13","guid":{"rendered":"http:\/\/spdwoelfersheim.de\/?p=1236"},"modified":"2021-01-12T13:35:52","modified_gmt":"2021-01-12T11:35:52","slug":"wann-gehts-bei-rewe-denn-endlich-los","status":"publish","type":"post","link":"http:\/\/spdwoelfersheim.de\/?p=1236","title":{"rendered":"Wann geht&#8217;s bei REWE denn endlich los?"},"content":{"rendered":"<p><strong>Viele k\u00f6nnen die k\u00fcnstlich aufgebauschten Diskussionen, Leserbriefe in der Wetterauer Zeitung, Gerichtsverfahren und Berichte in den Medien nicht mehr sehen. Es sind immer die gleichen Argumente und unsachlichen Angstmachereien, vielfach widerlegt und trotzdem st\u00e4ndig wiederholt. Man sehnt sich danach, dass endlich die ersten Bagger anrollen, der Bau losgeht und die Realit\u00e4t wird zeigen, dass weder die Wetterau ihren l\u00e4ndlichen Charakter verliert noch das Verkehrschaos in Echzell ausbricht oder die Berst\u00e4dter vor lauter Licht und L\u00e4rm nicht mehr schlafen k\u00f6nnen. Stattdessen freuen wir uns auf den Bericht zur Einstellung der ersten neuen Azubis und Stellenausschreibungen in den \u00f6rtlichen Zeitungen, so dass viele eine Berufsperspektive vor Ort erhalten werden. Leider dauert es noch ein wenig bis dahin und wir wollen die Gelegenheit nutzen, um Fragen zu beantworten, die aktuell zum Thema REWE an uns herangetragen werden:<\/strong><\/p>\n<p><strong>Die Gr\u00fcnen fordern einen Akteneinsichtsausschuss. Warum lehnt Ihr das ab? Habt Ihr was zu verbergen?<\/strong><br \/>\nAn dieser Stelle sei klar gesagt, dass wir nichts gegen einen solchen Ausschuss haben, denn bei diesem Projekt gibt es nichts zu verheimlichen. Ganz im Gegenteil! Wir sind sogar sehr froh<br \/>\ndar\u00fcber, dass sich der zweitgr\u00f6\u00dfte Arbeitgeber in Hessen mit 550 Arbeitspl\u00e4tzen und 20 Ausbildungspl\u00e4tzen bei uns ansiedeln m\u00f6chte. Allerdings gibt es f\u00fcr solche Akteneinsichtsaussch\u00fcsse klare Regeln. So hat uns die Kommunalaufsicht klar und deutlich mitgeteilt, dass dies erst dann zul\u00e4ssig ist, wenn ein Vorgang abgeschlossen ist. Aber nicht, w\u00e4hrend der Vorgang noch bearbeitet wird. Die Gr\u00fcnen haben hiergegen geklagt und in erster Instanz Recht bekommen. Die Gemeinde l\u00e4sst dies vom Verwaltungsgerichtshof in Kassel pr\u00fcfen. Sollte das Gericht die Meinung der Gr\u00fcnen best\u00e4tigen, werden wir dem selbstverst\u00e4ndlich folgen und den Ausschuss einrichten. Daf\u00fcr leben wir in einem Rechtsstaat.<\/p>\n<p>Sobald das Projekt abgeschlossen ist, kann jeder Gemeindevertreter alle Akten einsehen. Dann ist auch sichergestellt, dass durch einen Akteneinsichtsausschuss die Ansiedlung nicht bewusst in die L\u00e4nge gezogen wird. Darum geht es den Gr\u00fcnen n\u00e4mlich. Der Fraktionsvorsitzende der Gr\u00fcnen, Herr R\u00fcckl, hat bereits mehrfach angek\u00fcndigt, dass er die Ansiedlung mit aller Macht verhindern m\u00f6chte und dazu ist ihm jedes Mittel recht. Der Akteneinsichtsausschuss soll ihm bei seinem Vorhaben helfen. Das ist aber nicht der Sinn eines solchen Ausschusses. Er soll Gemeindevertretern dienen, die Arbeit des Vorstandes zu kontrollieren, aber nicht um die Arbeit des Vorstandes zu behindern!<\/p>\n<p>Stellen Sie sich vor, eine Fraktion beantragt einen Akteneinsichtsausschuss w\u00e4hrend der Bauzeit eines Kindergartens oder einer neuen Turnhalle. In einem solchen Fall w\u00e4ren die Mitarbeiter der Bauabteilung mehr damit besch\u00e4ftigt, die Fragen des Ausschusses zu bearbeiten, als sich um die eigentliche Bauabwicklung zu k\u00fcmmern. Bauzeiten und Kosten k\u00f6nnten damit in die H\u00f6he getrieben werden. Dieses Beispiel l\u00e4sst sich auf unz\u00e4hlige Bereiche \u00fcbertragen. Wenn Sie z.B. ein Grundst\u00fcck von der Gemeinde kaufen, um dort Ihr Eigen heim zu bauen. Sie finanzieren es sicher \u00fcber einen Kredit, und die \u00dcbergabe des Grundst\u00fcckes verz\u00f6gert sich durch die Einrichtung eines Akteneinsichtsausschusses. Eine Privatperson k\u00f6nnte das schnell in finanzielle Schwierigkeiten bringen.<\/p>\n<p>Die Gr\u00fcnen rund um Michael R\u00fcckl wollen auf diese Weise die Ansiedlung weiter torpedieren. Es geht ihnen nicht um Transparenz und Information, sondern um Blockade und Munition.<\/p>\n<p><strong>Wie geht es mit dem Projekt weiter?<\/strong><br \/>\nIm ersten Halbjahr 2019 werden weitere arch\u00e4ologische Grabungen durchgef\u00fchrt und mit der \u00e4u\u00dferen Erschlie\u00dfung des Gel\u00e4ndes begonnen. Es gibt also endlich einen ersten Spatenstich! Hierf\u00fcr wurden bereits mehrere Gespr\u00e4che und eine Informationsveranstaltung mit den ortsans\u00e4ssigen Landwirten durchgef\u00fchrt. Dies war notwendig, denn die Erschlie\u00dfung des Gel\u00e4ndes mit Abwasser- und Regenwasserleitungen erfolgt unter den vorhandenen Feldwegen in Richtung Berstadt (Abwasser) beziehungsweise Richtung Waschbach (Regenwasser). Dar\u00fcber hinaus werden aktuell Gespr\u00e4che mit den Wasser- und Energieversorgern sowie mit der Telekom gef\u00fchrt. Ebenfalls findet ein st\u00e4ndiger Austausch zwischen Hessenmobil, REWE und der Gemeinde statt, um den Umbau der Stra\u00dfen zu planen. Dieser Umbau wird im \u00dcbrigen von REWE und nicht von der Gemeinde bezahlt. Im Anschluss, wenn die Erschlie\u00dfung des Gel\u00e4ndes erfolgt ist, wird mit dem Bau des Geb\u00e4udes im Jahr 2020 gestartet.<\/p>\n<p><strong>Steht die SPD bei dem Vorhaben alleine da?<\/strong><br \/>\nDie SPD-Fraktion ist sehr froh dar\u00fcber, dass die REWE-Ansiedlung auch bei den Gemeindevertretern der CDU und FWG auf Zustimmung trifft. Dies wurde vor kurzem in einem gemeinsamen Schreiben an alle W\u00f6lfersheimerinnen und W\u00f6lfersheimer noch einmal klar zum Ausdruck gebracht. Das Projekt hat eine breite, demokratisch legitimierte Mehrheit hinter sich.<br \/>\nAuch wenn in den Medien gerne etwas anderes suggeriert wird.<\/p>\n<p><mark><strong>Wo kann ich meine Fragen noch loswerden?<\/strong><br \/>\nAuf der extra f\u00fcr die Ansiedlung in W\u00f6lfersheim eingerichteten Internetseite <a href=\"http:\/\/www.rewe-woelfersheim.de\" rel=\"noopener noreferrer\" target=\"_blank\">www.rewe-woelfersheim.de<\/a> finden Sie alle Detailinformationen zur Ansiedlung, sowie die am meisten gestellten Fragen und die entsprechenden Ansprechpartner.<br \/>\nHier wird auch auf alle Fragen rund um die Arbeitspl\u00e4tze eingegangen, die in unserer Gemeinde entstehen werden. Nat\u00fcrlich k\u00f6nnen Sie auch Ihre W\u00f6lfersheimer SPD ansprechen: <a href=\"mailto:kontakt@spdwoelfersheim.de\" rel=\"noopener noreferrer\" target=\"_blank\">kontakt@spdwoelfersheim.de<\/a><\/mark><\/p>\n","protected":false},"excerpt":{"rendered":"<p>Viele k\u00f6nnen die k\u00fcnstlich aufgebauschten Diskussionen, Leserbriefe in der Wetterauer Zeitung, Gerichtsverfahren und Berichte in den Medien nicht mehr sehen. Es sind immer die gleichen Argumente und unsachlichen Angstmachereien, vielfach widerlegt und trotzdem st\u00e4ndig wiederholt. Man sehnt sich danach, dass endlich die ersten Bagger anrollen, der Bau losgeht und die Realit\u00e4t wird zeigen, dass weder [&hellip;]<\/p>\n","protected":false},"author":6,"featured_media":0,"comment_status":"closed","ping_status":"open","sticky":false,"template":"","format":"standard","meta":{"rop_custom_images_group":[],"rop_custom_messages_group":[],"rop_publish_now":"initial","rop_publish_now_accounts":[],"rop_publish_now_history":[],"rop_publish_now_status":"pending","footnotes":""},"categories":[1],"tags":[423,424,425,187],"class_list":["post-1236","post","type-post","status-publish","format-standard","hentry","category-allgemein","tag-endlich","tag-gehts","tag-los","tag-rewe"],"_links":{"self":[{"href":"http:\/\/spdwoelfersheim.de\/index.php?rest_route=\/wp\/v2\/posts\/1236","targetHints":{"allow":["GET"]}}],"collection":[{"href":"http:\/\/spdwoelfersheim.de\/index.php?rest_route=\/wp\/v2\/posts"}],"about":[{"href":"http:\/\/spdwoelfersheim.de\/index.php?rest_route=\/wp\/v2\/types\/post"}],"author":[{"embeddable":true,"href":"http:\/\/spdwoelfersheim.de\/index.php?rest_route=\/wp\/v2\/users\/6"}],"replies":[{"embeddable":true,"href":"http:\/\/spdwoelfersheim.de\/index.php?rest_route=%2Fwp%2Fv2%2Fcomments&post=1236"}],"version-history":[{"count":10,"href":"http:\/\/spdwoelfersheim.de\/index.php?rest_route=\/wp\/v2\/posts\/1236\/revisions"}],"predecessor-version":[{"id":1270,"href":"http:\/\/spdwoelfersheim.de\/index.php?rest_route=\/wp\/v2\/posts\/1236\/revisions\/1270"}],"wp:attachment":[{"href":"http:\/\/spdwoelfersheim.de\/index.php?rest_route=%2Fwp%2Fv2%2Fmedia&parent=1236"}],"wp:term":[{"taxonomy":"category","embeddable":true,"href":"http:\/\/spdwoelfersheim.de\/index.php?rest_route=%2Fwp%2Fv2%2Fcategories&post=1236"},{"taxonomy":"post_tag","embeddable":true,"href":"http:\/\/spdwoelfersheim.de\/index.php?rest_route=%2Fwp%2Fv2%2Ftags&post=1236"}],"curies":[{"name":"wp","href":"https:\/\/api.w.org\/{rel}","templated":true}]}}