{"id":1251,"date":"2019-04-27T15:01:36","date_gmt":"2019-04-27T13:01:36","guid":{"rendered":"http:\/\/spdwoelfersheim.de\/?p=1251"},"modified":"2021-01-12T13:35:53","modified_gmt":"2021-01-12T11:35:53","slug":"soedel-sucht-den-superbaum","status":"publish","type":"post","link":"http:\/\/spdwoelfersheim.de\/?p=1251","title":{"rendered":"S\u00f6del sucht den Superbaum"},"content":{"rendered":"<p>Seit dem Jahr 2000 stellt die S\u00f6deler SPD auf dem Kirchplatz einen Weihnachtsbaum auf. Zur Dekoration werden viele rote P\u00e4ckchen an den Baum geh\u00e4ngt. So macht er allen in der Weihnachtszeit viel Freude. Dieser Baum wird jedes Jahr von gro\u00dfz\u00fcgigen Gartenbesitzern gestiftet und am Morgen \u201efrisch\u201c mit der Motors\u00e4ge geerntet. Danach wird er zum S\u00f6deler Kirchplatz transportiert und dort aufgestellt, geschm\u00fcckt und beleuchtet.<br \/>\nIn den vergangenen Jahren konnten wir richtige Prachtexemplare aufstellen, aber nun fehlt uns der Nachschub. Deswegen rufen wir zum \u201eBaumcasting\u201c auf. Wenn also jemand eine sch\u00f6ne regelm\u00e4\u00dfig<br \/>\ngewachsene Tanne oder Fichte im Garten hat, die zwischen 4-6 Meter hoch ist und weg soll, dann meldet auch bitte bei der S\u00f6deler SPD unter der Telefonnummer W\u00f6lfersheim 6022 oder per E-Mail unter kontakt@schmidt-getraenke.de.<br \/>\nEuer Baum hat dann die Chance 6 Wochen lang der Superbaum von S\u00f6del zu werden. Mitten auf dem S\u00f6deler Kirchplatz darf euer Baum dann die Ovationen der Passanten und der Besucher des Adventsmarktes entgegen nehmen.<\/p>\n<p><a href=\"http:\/\/spdwoelfersheim.de\/wp-content\/uploads\/2019\/04\/64-Baum-ist-aufgestellt-02.Dez_..jpg\"><img loading=\"lazy\" decoding=\"async\" src=\"http:\/\/spdwoelfersheim.de\/wp-content\/uploads\/2019\/04\/64-Baum-ist-aufgestellt-02.Dez_.-768x1024.jpg\" alt=\"\" width=\"640\" height=\"853\" class=\"aligncenter size-large wp-image-1252\" srcset=\"http:\/\/spdwoelfersheim.de\/wp-content\/uploads\/2019\/04\/64-Baum-ist-aufgestellt-02.Dez_.-768x1024.jpg 768w, http:\/\/spdwoelfersheim.de\/wp-content\/uploads\/2019\/04\/64-Baum-ist-aufgestellt-02.Dez_.-225x300.jpg 225w, http:\/\/spdwoelfersheim.de\/wp-content\/uploads\/2019\/04\/64-Baum-ist-aufgestellt-02.Dez_..jpg 960w\" sizes=\"auto, (max-width: 640px) 100vw, 640px\" \/><\/a><\/p>\n","protected":false},"excerpt":{"rendered":"<p>Seit dem Jahr 2000 stellt die S\u00f6deler SPD auf dem Kirchplatz einen Weihnachtsbaum auf. Zur Dekoration werden viele rote P\u00e4ckchen an den Baum geh\u00e4ngt. So macht er allen in der Weihnachtszeit viel Freude. Dieser Baum wird jedes Jahr von gro\u00dfz\u00fcgigen Gartenbesitzern gestiftet und am Morgen \u201efrisch\u201c mit der Motors\u00e4ge geerntet. Danach wird er zum S\u00f6deler [&hellip;]<\/p>\n","protected":false},"author":6,"featured_media":1253,"comment_status":"closed","ping_status":"open","sticky":false,"template":"","format":"standard","meta":{"rop_custom_images_group":[],"rop_custom_messages_group":[],"rop_publish_now":"initial","rop_publish_now_accounts":[],"rop_publish_now_history":[],"rop_publish_now_status":"pending","footnotes":""},"categories":[1],"tags":[74,430],"class_list":["post-1251","post","type-post","status-publish","format-standard","has-post-thumbnail","hentry","category-allgemein","tag-soedel","tag-superbaum"],"_links":{"self":[{"href":"http:\/\/spdwoelfersheim.de\/index.php?rest_route=\/wp\/v2\/posts\/1251","targetHints":{"allow":["GET"]}}],"collection":[{"href":"http:\/\/spdwoelfersheim.de\/index.php?rest_route=\/wp\/v2\/posts"}],"about":[{"href":"http:\/\/spdwoelfersheim.de\/index.php?rest_route=\/wp\/v2\/types\/post"}],"author":[{"embeddable":true,"href":"http:\/\/spdwoelfersheim.de\/index.php?rest_route=\/wp\/v2\/users\/6"}],"replies":[{"embeddable":true,"href":"http:\/\/spdwoelfersheim.de\/index.php?rest_route=%2Fwp%2Fv2%2Fcomments&post=1251"}],"version-history":[{"count":1,"href":"http:\/\/spdwoelfersheim.de\/index.php?rest_route=\/wp\/v2\/posts\/1251\/revisions"}],"predecessor-version":[{"id":1254,"href":"http:\/\/spdwoelfersheim.de\/index.php?rest_route=\/wp\/v2\/posts\/1251\/revisions\/1254"}],"wp:featuredmedia":[{"embeddable":true,"href":"http:\/\/spdwoelfersheim.de\/index.php?rest_route=\/wp\/v2\/media\/1253"}],"wp:attachment":[{"href":"http:\/\/spdwoelfersheim.de\/index.php?rest_route=%2Fwp%2Fv2%2Fmedia&parent=1251"}],"wp:term":[{"taxonomy":"category","embeddable":true,"href":"http:\/\/spdwoelfersheim.de\/index.php?rest_route=%2Fwp%2Fv2%2Fcategories&post=1251"},{"taxonomy":"post_tag","embeddable":true,"href":"http:\/\/spdwoelfersheim.de\/index.php?rest_route=%2Fwp%2Fv2%2Ftags&post=1251"}],"curies":[{"name":"wp","href":"https:\/\/api.w.org\/{rel}","templated":true}]}}