{"id":1258,"date":"2019-05-06T10:14:28","date_gmt":"2019-05-06T08:14:28","guid":{"rendered":"http:\/\/spdwoelfersheim.de\/?p=1258"},"modified":"2021-01-12T13:35:52","modified_gmt":"2021-01-12T11:35:52","slug":"brunnenfest-in-soedel-2","status":"publish","type":"post","link":"http:\/\/spdwoelfersheim.de\/?p=1258","title":{"rendered":"Brunnenfest in S\u00f6del"},"content":{"rendered":"<p>Samstag, 18. Mai 2019<\/p>\n<p>Beginn ab 15:00 Uhr auf dem Kirchplatz in S\u00f6del<\/p>\n<p>&#8211; Kaffee und eine gro\u00dfe Auswahl an selbstgebackenen Kuchen<br \/>\n&#8211; W\u00fcrstchen frisch vom Holzkohlegrill<br \/>\n&#8211; Bratenbr\u00f6tchen<br \/>\n&#8211; Bier frisch vom Fass<br \/>\n&#8211; k\u00fchle Getr\u00e4nke<br \/>\n&#8211; Kinderkarussell<\/p>\n<p><img loading=\"lazy\" decoding=\"async\" src=\"http:\/\/spdwoelfersheim.de\/wp-content\/uploads\/2019\/05\/IMG_9868-708x1024.jpg\" alt=\"\" width=\"640\" height=\"926\" class=\"aligncenter size-large wp-image-1256\" srcset=\"http:\/\/spdwoelfersheim.de\/wp-content\/uploads\/2019\/05\/IMG_9868-708x1024.jpg 708w, http:\/\/spdwoelfersheim.de\/wp-content\/uploads\/2019\/05\/IMG_9868-207x300.jpg 207w, http:\/\/spdwoelfersheim.de\/wp-content\/uploads\/2019\/05\/IMG_9868-768x1111.jpg 768w, http:\/\/spdwoelfersheim.de\/wp-content\/uploads\/2019\/05\/IMG_9868.jpg 885w\" sizes=\"auto, (max-width: 640px) 100vw, 640px\" \/><\/p>\n","protected":false},"excerpt":{"rendered":"<p>Samstag, 18. Mai 2019 Beginn ab 15:00 Uhr auf dem Kirchplatz in S\u00f6del &#8211; Kaffee und eine gro\u00dfe Auswahl an selbstgebackenen Kuchen &#8211; W\u00fcrstchen frisch vom Holzkohlegrill &#8211; Bratenbr\u00f6tchen &#8211; Bier frisch vom Fass &#8211; k\u00fchle Getr\u00e4nke &#8211; Kinderkarussell<\/p>\n","protected":false},"author":6,"featured_media":1257,"comment_status":"closed","ping_status":"open","sticky":false,"template":"","format":"standard","meta":{"rop_custom_images_group":[],"rop_custom_messages_group":[],"rop_publish_now":"initial","rop_publish_now_accounts":[],"rop_publish_now_history":[],"rop_publish_now_status":"pending","footnotes":""},"categories":[1],"tags":[76,74],"class_list":["post-1258","post","type-post","status-publish","format-standard","has-post-thumbnail","hentry","category-allgemein","tag-brunnenfest","tag-soedel"],"_links":{"self":[{"href":"http:\/\/spdwoelfersheim.de\/index.php?rest_route=\/wp\/v2\/posts\/1258","targetHints":{"allow":["GET"]}}],"collection":[{"href":"http:\/\/spdwoelfersheim.de\/index.php?rest_route=\/wp\/v2\/posts"}],"about":[{"href":"http:\/\/spdwoelfersheim.de\/index.php?rest_route=\/wp\/v2\/types\/post"}],"author":[{"embeddable":true,"href":"http:\/\/spdwoelfersheim.de\/index.php?rest_route=\/wp\/v2\/users\/6"}],"replies":[{"embeddable":true,"href":"http:\/\/spdwoelfersheim.de\/index.php?rest_route=%2Fwp%2Fv2%2Fcomments&post=1258"}],"version-history":[{"count":3,"href":"http:\/\/spdwoelfersheim.de\/index.php?rest_route=\/wp\/v2\/posts\/1258\/revisions"}],"predecessor-version":[{"id":1261,"href":"http:\/\/spdwoelfersheim.de\/index.php?rest_route=\/wp\/v2\/posts\/1258\/revisions\/1261"}],"wp:featuredmedia":[{"embeddable":true,"href":"http:\/\/spdwoelfersheim.de\/index.php?rest_route=\/wp\/v2\/media\/1257"}],"wp:attachment":[{"href":"http:\/\/spdwoelfersheim.de\/index.php?rest_route=%2Fwp%2Fv2%2Fmedia&parent=1258"}],"wp:term":[{"taxonomy":"category","embeddable":true,"href":"http:\/\/spdwoelfersheim.de\/index.php?rest_route=%2Fwp%2Fv2%2Fcategories&post=1258"},{"taxonomy":"post_tag","embeddable":true,"href":"http:\/\/spdwoelfersheim.de\/index.php?rest_route=%2Fwp%2Fv2%2Ftags&post=1258"}],"curies":[{"name":"wp","href":"https:\/\/api.w.org\/{rel}","templated":true}]}}