{"id":1263,"date":"2019-05-21T09:59:47","date_gmt":"2019-05-21T07:59:47","guid":{"rendered":"http:\/\/spdwoelfersheim.de\/?p=1263"},"modified":"2021-01-12T13:35:52","modified_gmt":"2021-01-12T11:35:52","slug":"biergartenatmosphaere-bei-soedeler-brunnenfest","status":"publish","type":"post","link":"http:\/\/spdwoelfersheim.de\/?p=1263","title":{"rendered":"Biergartenatmosph\u00e4re bei S\u00f6deler Brunnenfest"},"content":{"rendered":"<p>Das traditionelle Brunnenfest der S\u00f6deler SPD fand am 18.Mai zum 32sten Mal auf dem S\u00f6deler Kirchplatz statt.<br \/>\nNach zuvor k\u00fchlen Temperaturen und Regen gab es rechtzeitig zum Brunnenfest angenehmes mildes Biergartenwetter. Das Organisationsteam war doppelt erleichtert, da man in diesem Jahr bewusst auf ein Festzelt verzichtet hatte, um etwas mehr den Charakter von Marktplatz und Dorffest zu betonen. So wurde das S\u00f6deler Brunnenfest wieder ein entspannter Treffpunkt f\u00fcr Jung und Alt. W\u00e4hrend sich die mittlere Generation am reichhaltigen Kuchenbuffet, Grillwurst und k\u00fchlen Getr\u00e4nken im Schatten des Lindenbaums zusammenfand und dabei die Gelegenheit zum Schw\u00e4tzchen nutzte, konnten die Kinder ein paar Runden auf dem kleinen Kettenkarussell drehen. Das Brunnenfest, das j\u00e4hrlich vom r\u00fchrigen SPD Ortsbezirk S\u00f6del veranstaltet wird, wurde so wieder zu einem gelungenem B\u00fcrgerfest am historischen S\u00f6deler Dorfmittelpunkt. Wir bedanken uns bei den allen Besucherinnen und Besuchern. Allen Helferinen und Helfern sowie den Kuchenb\u00e4ckerinnen oder \u2013 B\u00e4ckern danken wir  herzlich noch einmal auf diesem Weg. Was wir da bieten konnten, war ph\u00e4nomenal: \u201eLecker\u201c ist gar kein Ausdruck!<br \/>\nWir hoffen, wir sehen uns bei der Europawahl am kommenden Sonntag wieder!<\/p>\n<p>Danke sagt eure<br \/>\nS\u00f6deler SPD<\/p>\n<style type=\"text\/css\">\n.post-gallery a {position: relative; display: inline-flex;}\n.post-gallery .is-video:before {\n    content: \"\\f236\"; position: absolute; font-family: Dashicons; font-size: 50px;\n    color: #fff; align-self: center; left: calc(50% - 25px); text-shadow: 0 0 4px #000;\n}\n.post-gallery .is-video:hover:before {color: rgba(255,255,255,0.8); text-shadow: none;}\n<\/style>\n<div class=\"post-gallery\">\n            <a href=\"http:\/\/spdwoelfersheim.de\/wp-content\/uploads\/2019\/05\/Das-Grillteam.jpg\"\n            class=\"swipebox \"\n            rel=\"post-gallery-1263\"\n            title=\"\"\n        >\n            <img decoding=\"async\" src=\"http:\/\/spdwoelfersheim.de\/wp-content\/uploads\/2026\/04\/1264-Das-Grillteam-150x150.jpg\"\n                alt=\"\"\n            \/>\n        <\/a>\n            <a href=\"http:\/\/spdwoelfersheim.de\/wp-content\/uploads\/2019\/05\/geballte-Kompetenz-am-Getr\u00e4nkeausschank.jpg\"\n            class=\"swipebox \"\n            rel=\"post-gallery-1263\"\n            title=\"\"\n        >\n            <img decoding=\"async\" src=\"http:\/\/spdwoelfersheim.de\/wp-content\/uploads\/2026\/04\/1265-geballte-Kompetenz-am-Getr\u00e4nkeausschank-150x150.jpg\"\n                alt=\"\"\n            \/>\n        <\/a>\n            <a href=\"http:\/\/spdwoelfersheim.de\/wp-content\/uploads\/2019\/05\/gem\u00fctlicher-Treffpunkt-Brunnenfest.jpg\"\n            class=\"swipebox \"\n            rel=\"post-gallery-1263\"\n            title=\"\"\n        >\n            <img decoding=\"async\" src=\"http:\/\/spdwoelfersheim.de\/wp-content\/uploads\/2026\/04\/1266-gem\u00fctlicher-Treffpunkt-Brunnenfest-150x150.jpg\"\n                alt=\"\"\n            \/>\n        <\/a>\n    <\/div>\n","protected":false},"excerpt":{"rendered":"<p>Das traditionelle Brunnenfest der S\u00f6deler SPD fand am 18.Mai zum 32sten Mal auf dem S\u00f6deler Kirchplatz statt. Nach zuvor k\u00fchlen Temperaturen und Regen gab es rechtzeitig zum Brunnenfest angenehmes mildes Biergartenwetter. Das Organisationsteam war doppelt erleichtert, da man in diesem Jahr bewusst auf ein Festzelt verzichtet hatte, um etwas mehr den Charakter von Marktplatz und [&hellip;]<\/p>\n","protected":false},"author":6,"featured_media":1267,"comment_status":"closed","ping_status":"open","sticky":false,"template":"","format":"standard","meta":{"rop_custom_images_group":[],"rop_custom_messages_group":[],"rop_publish_now":"initial","rop_publish_now_accounts":[],"rop_publish_now_history":[],"rop_publish_now_status":"pending","footnotes":""},"categories":[1],"tags":[426,76,288],"class_list":["post-1263","post","type-post","status-publish","format-standard","has-post-thumbnail","hentry","category-allgemein","tag-biergartenatmosphaere","tag-brunnenfest","tag-soedeler"],"_links":{"self":[{"href":"http:\/\/spdwoelfersheim.de\/index.php?rest_route=\/wp\/v2\/posts\/1263","targetHints":{"allow":["GET"]}}],"collection":[{"href":"http:\/\/spdwoelfersheim.de\/index.php?rest_route=\/wp\/v2\/posts"}],"about":[{"href":"http:\/\/spdwoelfersheim.de\/index.php?rest_route=\/wp\/v2\/types\/post"}],"author":[{"embeddable":true,"href":"http:\/\/spdwoelfersheim.de\/index.php?rest_route=\/wp\/v2\/users\/6"}],"replies":[{"embeddable":true,"href":"http:\/\/spdwoelfersheim.de\/index.php?rest_route=%2Fwp%2Fv2%2Fcomments&post=1263"}],"version-history":[{"count":1,"href":"http:\/\/spdwoelfersheim.de\/index.php?rest_route=\/wp\/v2\/posts\/1263\/revisions"}],"predecessor-version":[{"id":1268,"href":"http:\/\/spdwoelfersheim.de\/index.php?rest_route=\/wp\/v2\/posts\/1263\/revisions\/1268"}],"wp:featuredmedia":[{"embeddable":true,"href":"http:\/\/spdwoelfersheim.de\/index.php?rest_route=\/wp\/v2\/media\/1267"}],"wp:attachment":[{"href":"http:\/\/spdwoelfersheim.de\/index.php?rest_route=%2Fwp%2Fv2%2Fmedia&parent=1263"}],"wp:term":[{"taxonomy":"category","embeddable":true,"href":"http:\/\/spdwoelfersheim.de\/index.php?rest_route=%2Fwp%2Fv2%2Fcategories&post=1263"},{"taxonomy":"post_tag","embeddable":true,"href":"http:\/\/spdwoelfersheim.de\/index.php?rest_route=%2Fwp%2Fv2%2Ftags&post=1263"}],"curies":[{"name":"wp","href":"https:\/\/api.w.org\/{rel}","templated":true}]}}