{"id":1274,"date":"2019-06-13T14:26:48","date_gmt":"2019-06-13T12:26:48","guid":{"rendered":"http:\/\/spdwoelfersheim.de\/?p=1274"},"modified":"2021-01-12T13:35:52","modified_gmt":"2021-01-12T11:35:52","slug":"hessenfest","status":"publish","type":"post","link":"http:\/\/spdwoelfersheim.de\/?p=1274","title":{"rendered":"Hessenfest  &#8211; Samstag, 29. Juni 2019 ab 14:00 Uhr"},"content":{"rendered":"<p>mit der W\u00f6lfersheimer und der Wetterauer SPD<\/p>\n<p>an der Marktscheune\/W\u00f6lfersheim<br \/>\n14:00 Uhr: Kaffee und Kuchen<br \/>\n16:00 Uhr: Auftritt der Berschdbacher<br \/>\n17:30 Uhr: Hessische K\u00f6stlichkeiten<\/p>\n<p>&#8211; Rippchen mit Kraut<br \/>\n&#8211; Handk\u00e4se mit Musik<br \/>\n&#8211; Frankfurter W\u00fcrstchen<br \/>\n&#8211; heimischer Apfelwein<br \/>\n&#8211; musikalische Unterhaltung<\/p>\n<p><a href=\"http:\/\/spdwoelfersheim.de\/wp-content\/uploads\/2019\/06\/flyer-vorne.jpg\"><img loading=\"lazy\" decoding=\"async\" src=\"http:\/\/spdwoelfersheim.de\/wp-content\/uploads\/2019\/06\/flyer-vorne-730x1024.jpg\" alt=\"\" width=\"640\" height=\"898\" class=\"aligncenter size-large wp-image-1272\" srcset=\"http:\/\/spdwoelfersheim.de\/wp-content\/uploads\/2019\/06\/flyer-vorne-730x1024.jpg 730w, http:\/\/spdwoelfersheim.de\/wp-content\/uploads\/2019\/06\/flyer-vorne-214x300.jpg 214w, http:\/\/spdwoelfersheim.de\/wp-content\/uploads\/2019\/06\/flyer-vorne-768x1077.jpg 768w, http:\/\/spdwoelfersheim.de\/wp-content\/uploads\/2019\/06\/flyer-vorne.jpg 1819w\" sizes=\"auto, (max-width: 640px) 100vw, 640px\" \/><\/a><\/p>\n","protected":false},"excerpt":{"rendered":"<p>mit der W\u00f6lfersheimer und der Wetterauer SPD an der Marktscheune\/W\u00f6lfersheim 14:00 Uhr: Kaffee und Kuchen 16:00 Uhr: Auftritt der Berschdbacher 17:30 Uhr: Hessische K\u00f6stlichkeiten &#8211; Rippchen mit Kraut &#8211; Handk\u00e4se mit Musik &#8211; Frankfurter W\u00fcrstchen &#8211; heimischer Apfelwein &#8211; musikalische Unterhaltung<\/p>\n","protected":false},"author":6,"featured_media":1273,"comment_status":"closed","ping_status":"open","sticky":false,"template":"","format":"standard","meta":{"rop_custom_images_group":[],"rop_custom_messages_group":[],"rop_publish_now":"initial","rop_publish_now_accounts":[],"rop_publish_now_history":[],"rop_publish_now_status":"pending","footnotes":""},"categories":[1],"tags":[357,418,419,420,175,422,421,417],"class_list":["post-1274","post","type-post","status-publish","format-standard","has-post-thumbnail","hentry","category-allgemein","tag-357","tag-418","tag-419","tag-420","tag-hessenfest","tag-juni","tag-samstag","tag-uhr"],"_links":{"self":[{"href":"http:\/\/spdwoelfersheim.de\/index.php?rest_route=\/wp\/v2\/posts\/1274","targetHints":{"allow":["GET"]}}],"collection":[{"href":"http:\/\/spdwoelfersheim.de\/index.php?rest_route=\/wp\/v2\/posts"}],"about":[{"href":"http:\/\/spdwoelfersheim.de\/index.php?rest_route=\/wp\/v2\/types\/post"}],"author":[{"embeddable":true,"href":"http:\/\/spdwoelfersheim.de\/index.php?rest_route=\/wp\/v2\/users\/6"}],"replies":[{"embeddable":true,"href":"http:\/\/spdwoelfersheim.de\/index.php?rest_route=%2Fwp%2Fv2%2Fcomments&post=1274"}],"version-history":[{"count":4,"href":"http:\/\/spdwoelfersheim.de\/index.php?rest_route=\/wp\/v2\/posts\/1274\/revisions"}],"predecessor-version":[{"id":1278,"href":"http:\/\/spdwoelfersheim.de\/index.php?rest_route=\/wp\/v2\/posts\/1274\/revisions\/1278"}],"wp:featuredmedia":[{"embeddable":true,"href":"http:\/\/spdwoelfersheim.de\/index.php?rest_route=\/wp\/v2\/media\/1273"}],"wp:attachment":[{"href":"http:\/\/spdwoelfersheim.de\/index.php?rest_route=%2Fwp%2Fv2%2Fmedia&parent=1274"}],"wp:term":[{"taxonomy":"category","embeddable":true,"href":"http:\/\/spdwoelfersheim.de\/index.php?rest_route=%2Fwp%2Fv2%2Fcategories&post=1274"},{"taxonomy":"post_tag","embeddable":true,"href":"http:\/\/spdwoelfersheim.de\/index.php?rest_route=%2Fwp%2Fv2%2Ftags&post=1274"}],"curies":[{"name":"wp","href":"https:\/\/api.w.org\/{rel}","templated":true}]}}