{"id":1859,"date":"2023-04-21T09:13:46","date_gmt":"2023-04-21T07:13:46","guid":{"rendered":"http:\/\/spdwoelfersheim.de\/?p=1859"},"modified":"2023-09-27T13:08:07","modified_gmt":"2023-09-27T11:08:07","slug":"lecker-regional-und-saisonal","status":"publish","type":"post","link":"http:\/\/spdwoelfersheim.de\/?p=1859","title":{"rendered":"\u201eLecker, regional und saisonal\u201c"},"content":{"rendered":"<p>Wichtig f\u00fcr bewusste Ern\u00e4hrung und Standbein f\u00fcr landwirtschaftliche Betriebe<br \/>\nLandratskandidat Rouven K\u00f6tter besucht Rosbacher Bauernmarkt<\/p>\n<p>\u201eDer Rosbacher Bauernmarkt ist nicht nur ein sch\u00f6ner Treffpunkt f\u00fcr Jung und Alt, sondern er bietet auch eine tolle Auswahl an lokal erzeugten Produkten\u201c, schw\u00e4rmte Landratskandidat Rouven K\u00f6tter am vergangenen Freitag, als er dem Bauernmarkt einen Besuch abstattete. Gemeinsam mit Marktmeister Norbert Sch\u00f6n machte er einen Rundgang \u00fcber den Markt und informierte sich \u00fcber die Marktbeschicker und deren Produkte. \u201eIch liebe solche M\u00e4rkte. Hier gibt es einen ganz besonderen Flair und man bekommt qualitativ hochwertige Produkte. F\u00fcr einen Genussmenschen wie mich sind M\u00e4rkte wie dieser in Rosbach tolle Orte, die ich sehr gern besuche\u201c, so K\u00f6tter.<\/p>\n<p>Mit Ellen Dietz, Stefan Buder und Dr. Hans-Peter Rathjens traf K\u00f6tter auch auf Vertreter der SPD Rosbach und diskutierte mit ihnen \u00fcber die Bedeutung regionaler Produktion und Vermarktung. Bei einem Glas Apfelwein am Stand von Norbert Sch\u00f6n war man sich schnell einig, dass der Rosbacher Bauernmarkt eine echte Bereicherung f\u00fcr die B\u00fcrgerinnen und B\u00fcrger Rosbachs und die St\u00e4dte und Gemeinden im Umkreis ist. \u201eDie Direktvermarktung regional erzeugter Lebensmittel ist ein wichtiger Baustein f\u00fcr eine bewusste, saisonale und regionale Ern\u00e4hrung, aber auch ein immer bedeutender werdendes Standbein f\u00fcr unsere landwirtschaftlichen Betriebe. Ich bin sehr froh, dass es Menschen wie Norbert Sch\u00f6n gibt, die solche M\u00e4rkte organisieren und den regionalen Erzeugern damit eine ganz besondere Plattform bieten. Sie haben die Unterst\u00fctzung der Kommunen und des Kreises verdient. Als Landrat m\u00f6chte ich die Direktvermarktung im Wetteraukreis st\u00e4rken und die Erzeuger bestm\u00f6glich unterst\u00fctzen\u201c, so K\u00f6tter, bevor er sich mit den eingekauften K\u00e4se-, Wurst-, Backwaren und Obst auf den Heimweg machte.<\/p>\n\t                <ul class=\"easy-image-gallery thumbnails-6 linked\">\r\n                    <li><a data-fancybox=\"gallery300\" href=\"http:\/\/spdwoelfersheim.de\/wp-content\/uploads\/2023\/04\/regional-1-1024x683.jpg\" class=\"eig-popup\" title=\"\" data-caption=\"\" target=\"_blank\"><i class=\"icon-view\"><\/i><span class=\"overlay\"><\/span><img loading=\"lazy\" decoding=\"async\" width=\"150\" height=\"150\" src=\"http:\/\/spdwoelfersheim.de\/wp-content\/uploads\/2023\/04\/regional-1-150x150.jpg\" class=\"attachment-thumbnail size-thumbnail\" alt=\"\" srcset=\"http:\/\/spdwoelfersheim.de\/wp-content\/uploads\/2023\/04\/regional-1-150x150.jpg 150w, http:\/\/spdwoelfersheim.de\/wp-content\/uploads\/2023\/04\/regional-1-200x200.jpg 200w, http:\/\/spdwoelfersheim.de\/wp-content\/uploads\/2023\/04\/regional-1-144x144.jpg 144w\" sizes=\"auto, (max-width: 150px) 100vw, 150px\" \/><\/a><\/li><li><a data-fancybox=\"gallery300\" href=\"http:\/\/spdwoelfersheim.de\/wp-content\/uploads\/2023\/04\/regional-2-1024x683.jpg\" class=\"eig-popup\" title=\"\" data-caption=\"\" target=\"_blank\"><i class=\"icon-view\"><\/i><span class=\"overlay\"><\/span><img loading=\"lazy\" decoding=\"async\" width=\"150\" height=\"150\" src=\"http:\/\/spdwoelfersheim.de\/wp-content\/uploads\/2023\/04\/regional-2-150x150.jpg\" class=\"attachment-thumbnail size-thumbnail\" alt=\"\" srcset=\"http:\/\/spdwoelfersheim.de\/wp-content\/uploads\/2023\/04\/regional-2-150x150.jpg 150w, http:\/\/spdwoelfersheim.de\/wp-content\/uploads\/2023\/04\/regional-2-200x200.jpg 200w, http:\/\/spdwoelfersheim.de\/wp-content\/uploads\/2023\/04\/regional-2-144x144.jpg 144w\" sizes=\"auto, (max-width: 150px) 100vw, 150px\" \/><\/a><\/li><li><a data-fancybox=\"gallery300\" href=\"http:\/\/spdwoelfersheim.de\/wp-content\/uploads\/2023\/04\/regional-3-1024x683.jpg\" class=\"eig-popup\" title=\"\" data-caption=\"\" target=\"_blank\"><i class=\"icon-view\"><\/i><span class=\"overlay\"><\/span><img loading=\"lazy\" decoding=\"async\" width=\"150\" height=\"150\" src=\"http:\/\/spdwoelfersheim.de\/wp-content\/uploads\/2023\/04\/regional-3-150x150.jpg\" class=\"attachment-thumbnail size-thumbnail\" alt=\"\" srcset=\"http:\/\/spdwoelfersheim.de\/wp-content\/uploads\/2023\/04\/regional-3-150x150.jpg 150w, http:\/\/spdwoelfersheim.de\/wp-content\/uploads\/2023\/04\/regional-3-200x200.jpg 200w, http:\/\/spdwoelfersheim.de\/wp-content\/uploads\/2023\/04\/regional-3-144x144.jpg 144w\" sizes=\"auto, (max-width: 150px) 100vw, 150px\" \/><\/a><\/li><li><a data-fancybox=\"gallery300\" href=\"http:\/\/spdwoelfersheim.de\/wp-content\/uploads\/2023\/04\/regional-4-1024x683.jpg\" class=\"eig-popup\" title=\"\" data-caption=\"\" target=\"_blank\"><i class=\"icon-view\"><\/i><span class=\"overlay\"><\/span><img loading=\"lazy\" decoding=\"async\" width=\"150\" height=\"150\" src=\"http:\/\/spdwoelfersheim.de\/wp-content\/uploads\/2023\/04\/regional-4-150x150.jpg\" class=\"attachment-thumbnail size-thumbnail\" alt=\"\" srcset=\"http:\/\/spdwoelfersheim.de\/wp-content\/uploads\/2023\/04\/regional-4-150x150.jpg 150w, http:\/\/spdwoelfersheim.de\/wp-content\/uploads\/2023\/04\/regional-4-200x200.jpg 200w, http:\/\/spdwoelfersheim.de\/wp-content\/uploads\/2023\/04\/regional-4-144x144.jpg 144w\" sizes=\"auto, (max-width: 150px) 100vw, 150px\" \/><\/a><\/li><li><a data-fancybox=\"gallery300\" href=\"http:\/\/spdwoelfersheim.de\/wp-content\/uploads\/2023\/04\/regional-5-1024x683.jpg\" class=\"eig-popup\" title=\"\" data-caption=\"\" target=\"_blank\"><i class=\"icon-view\"><\/i><span class=\"overlay\"><\/span><img loading=\"lazy\" decoding=\"async\" width=\"150\" height=\"150\" src=\"http:\/\/spdwoelfersheim.de\/wp-content\/uploads\/2023\/04\/regional-5-150x150.jpg\" class=\"attachment-thumbnail size-thumbnail\" alt=\"\" srcset=\"http:\/\/spdwoelfersheim.de\/wp-content\/uploads\/2023\/04\/regional-5-150x150.jpg 150w, http:\/\/spdwoelfersheim.de\/wp-content\/uploads\/2023\/04\/regional-5-200x200.jpg 200w, http:\/\/spdwoelfersheim.de\/wp-content\/uploads\/2023\/04\/regional-5-144x144.jpg 144w\" sizes=\"auto, (max-width: 150px) 100vw, 150px\" \/><\/a><\/li><li><a data-fancybox=\"gallery300\" href=\"http:\/\/spdwoelfersheim.de\/wp-content\/uploads\/2023\/04\/regional-6-1024x683.jpg\" class=\"eig-popup\" title=\"\" data-caption=\"\" target=\"_blank\"><i class=\"icon-view\"><\/i><span class=\"overlay\"><\/span><img loading=\"lazy\" decoding=\"async\" width=\"150\" height=\"150\" src=\"http:\/\/spdwoelfersheim.de\/wp-content\/uploads\/2023\/04\/regional-6-150x150.jpg\" class=\"attachment-thumbnail size-thumbnail\" alt=\"\" srcset=\"http:\/\/spdwoelfersheim.de\/wp-content\/uploads\/2023\/04\/regional-6-150x150.jpg 150w, http:\/\/spdwoelfersheim.de\/wp-content\/uploads\/2023\/04\/regional-6-200x200.jpg 200w, http:\/\/spdwoelfersheim.de\/wp-content\/uploads\/2023\/04\/regional-6-144x144.jpg 144w\" sizes=\"auto, (max-width: 150px) 100vw, 150px\" \/><\/a><\/li><\/ul>\n","protected":false},"excerpt":{"rendered":"<p>Wichtig f\u00fcr bewusste Ern\u00e4hrung und Standbein f\u00fcr landwirtschaftliche Betriebe Landratskandidat Rouven K\u00f6tter besucht Rosbacher Bauernmarkt \u201eDer Rosbacher Bauernmarkt ist nicht nur ein sch\u00f6ner Treffpunkt f\u00fcr Jung und Alt, sondern er bietet auch eine tolle Auswahl an lokal erzeugten Produkten\u201c, schw\u00e4rmte Landratskandidat Rouven K\u00f6tter am vergangenen Freitag, als er dem Bauernmarkt einen Besuch abstattete. Gemeinsam mit [&hellip;]<\/p>\n","protected":false},"author":6,"featured_media":1866,"comment_status":"closed","ping_status":"open","sticky":false,"template":"","format":"standard","meta":{"rop_custom_images_group":[],"rop_custom_messages_group":[],"rop_publish_now":"initial","rop_publish_now_accounts":[],"rop_publish_now_history":[],"rop_publish_now_status":"pending","footnotes":""},"categories":[1],"tags":[673,671,672],"class_list":["post-1859","post","type-post","status-publish","format-standard","has-post-thumbnail","hentry","category-allgemein","tag-regional","tag-saisonal","tag-lecker"],"_links":{"self":[{"href":"http:\/\/spdwoelfersheim.de\/index.php?rest_route=\/wp\/v2\/posts\/1859","targetHints":{"allow":["GET"]}}],"collection":[{"href":"http:\/\/spdwoelfersheim.de\/index.php?rest_route=\/wp\/v2\/posts"}],"about":[{"href":"http:\/\/spdwoelfersheim.de\/index.php?rest_route=\/wp\/v2\/types\/post"}],"author":[{"embeddable":true,"href":"http:\/\/spdwoelfersheim.de\/index.php?rest_route=\/wp\/v2\/users\/6"}],"replies":[{"embeddable":true,"href":"http:\/\/spdwoelfersheim.de\/index.php?rest_route=%2Fwp%2Fv2%2Fcomments&post=1859"}],"version-history":[{"count":1,"href":"http:\/\/spdwoelfersheim.de\/index.php?rest_route=\/wp\/v2\/posts\/1859\/revisions"}],"predecessor-version":[{"id":1867,"href":"http:\/\/spdwoelfersheim.de\/index.php?rest_route=\/wp\/v2\/posts\/1859\/revisions\/1867"}],"wp:featuredmedia":[{"embeddable":true,"href":"http:\/\/spdwoelfersheim.de\/index.php?rest_route=\/wp\/v2\/media\/1866"}],"wp:attachment":[{"href":"http:\/\/spdwoelfersheim.de\/index.php?rest_route=%2Fwp%2Fv2%2Fmedia&parent=1859"}],"wp:term":[{"taxonomy":"category","embeddable":true,"href":"http:\/\/spdwoelfersheim.de\/index.php?rest_route=%2Fwp%2Fv2%2Fcategories&post=1859"},{"taxonomy":"post_tag","embeddable":true,"href":"http:\/\/spdwoelfersheim.de\/index.php?rest_route=%2Fwp%2Fv2%2Ftags&post=1859"}],"curies":[{"name":"wp","href":"https:\/\/api.w.org\/{rel}","templated":true}]}}