{"id":1869,"date":"2023-04-27T13:13:54","date_gmt":"2023-04-27T11:13:54","guid":{"rendered":"http:\/\/spdwoelfersheim.de\/?p=1869"},"modified":"2023-09-27T13:08:07","modified_gmt":"2023-09-27T11:08:07","slug":"vorreiter-im-klimaschutz-bio-essen-in-den-schulen","status":"publish","type":"post","link":"http:\/\/spdwoelfersheim.de\/?p=1869","title":{"rendered":"\u201eVorreiter im Klimaschutz &#8211; Bio-Essen in den Schulen\u201c"},"content":{"rendered":"<p>Landratskandidat Rouven K\u00f6tter im Austausch mit Landrat Thomas Will<\/p>\n<p>\u201eDer Blick \u00fcber den Tellerrand ist mir sehr wichtig. Niemand macht alles richtig, aber \u00fcberall kann man sich Anregungen, Ideen und Konzeptvorschl\u00e4ge holen. Durch meine Arbeit im Regionalverband wei\u00df ich, dass der Landkreis Gro\u00df-Gerau beispielsweise im Klimaschutz ein absoluter Vorreiter ist. Auch bei anderen Themen ist man in dem von Flughafen und Verkehr stark belasteten Landkreis mutig und innovativ\u201c, so Landratskandidat Rouven K\u00f6tter, der sich j\u00fcngst mit dem Landrat des Kreises Gro\u00df-Gerau Thomas Will zum Austausch traf.<\/p>\n<p>\u201eWir gehen die Herausforderungen in unserem Landkreis stets mit Gestaltungswillen und Mut an. Man darf sich nicht hinter den gesetzlichen Vorgaben und Aufgabenstellungen verstecken, wenn man einen Landkreis gestalten und im Sinne von Mensch und Umwelt entwickeln m\u00f6chte\u201c, stellt Thomas Will gleich zu Beginn des Gespr\u00e4chs deutlich fest. Insbesondere beim Klimaschutz ist man im S\u00fcden der Region sehr ambitioniert: \u201eSchulbausanierungen werden mit Passivhauselementen umgesetzt, Neubauten und Erweiterungsbauten von Schulen werden nur noch im Passivhausstandard errichtet. Selbstverst\u00e4ndlich haben wir ein Klimaschutzkonzept f\u00fcr den Kreis und jede Kreistagsvorlage enth\u00e4lt einen Klima-Check \u00fcber die klimatischen Auswirkungen des Beschlusses.\u201c K\u00f6tter zeigte sich davon beeindruckt: \u201eGro\u00df-Gerau zeigt, dass vieles geht, wenn man denn will. Ich glaube, wir m\u00fcssen mit mehr Entschlossenheit an das Thema Klimaschutz und d\u00fcrfen uns dabei nicht von Verhinderungsargumenten und koalition\u00e4ren Zw\u00e4ngen bremsen lassen.\u201c<\/p>\n<p>Auch beim Thema Ern\u00e4hrung in den Schulen geht der Landkreis Gro\u00df-Gerau voran: \u201eEs gibt einen Beschluss, bis 2030 80% des Essens in den Schulen auf Bio umgestellt zu haben. Regionale Caterer werden dabei unterst\u00fctzt, sich entsprechend zertifizieren zu lassen. Das ist ambitioniert, aber aus meiner Sicht absolut sinnvoll\u201c, zeigt sich K\u00f6tter beeindruckt. \u201eDie Mehrkosten daf\u00fcr tr\u00e4gt der Kreis und gibt sie nicht an die Eltern weiter. Regionale, saisonale Ern\u00e4hrung sind aus meiner Sicht ein ganz wichtiger Punkt f\u00fcr die Gesundheit unserer Sch\u00fclerinnen und Sch\u00fcler. Man lernt dadurch den Wert von Lebensmitteln sch\u00e4tzen und ern\u00e4hrt sich nicht nur lecker, sondern auch gesund. Au\u00dferdem wird dadurch die lokale Lebensmittelerzeugung unterst\u00fctzt. Ein sehr sinnvoller und nachahmenswerter Beschluss.\u201c<\/p>\n<p>\u201eWir m\u00fcssen als Landkreise mehr tun, als nur die gesetzlichen Aufgaben verwalten. Ein Landkreis kann Impulse setzen, thematisch vernetzen und die St\u00e4dte und Gemeinden dabei unterst\u00fctzen, die Herausforderungen von heute im Sinne einer nachhaltigen Zukunft anzupacken und zu meistern\u201c, sind sich Thomas Will und Rouven K\u00f6tter einig.<\/p>\n<p><img loading=\"lazy\" decoding=\"async\" src=\"http:\/\/spdwoelfersheim.de\/wp-content\/uploads\/2023\/04\/unnamed-1-1024x1024.jpg\" alt=\"\" width=\"640\" height=\"640\" class=\"aligncenter size-large wp-image-1871\" srcset=\"http:\/\/spdwoelfersheim.de\/wp-content\/uploads\/2023\/04\/unnamed-1-1024x1024.jpg 1024w, http:\/\/spdwoelfersheim.de\/wp-content\/uploads\/2023\/04\/unnamed-1-300x300.jpg 300w, http:\/\/spdwoelfersheim.de\/wp-content\/uploads\/2023\/04\/unnamed-1-150x150.jpg 150w, http:\/\/spdwoelfersheim.de\/wp-content\/uploads\/2023\/04\/unnamed-1-768x768.jpg 768w, http:\/\/spdwoelfersheim.de\/wp-content\/uploads\/2023\/04\/unnamed-1-200x200.jpg 200w, http:\/\/spdwoelfersheim.de\/wp-content\/uploads\/2023\/04\/unnamed-1-144x144.jpg 144w, http:\/\/spdwoelfersheim.de\/wp-content\/uploads\/2023\/04\/unnamed-1.jpg 1485w\" sizes=\"auto, (max-width: 640px) 100vw, 640px\" \/><\/p>\n","protected":false},"excerpt":{"rendered":"<p>Landratskandidat Rouven K\u00f6tter im Austausch mit Landrat Thomas Will \u201eDer Blick \u00fcber den Tellerrand ist mir sehr wichtig. Niemand macht alles richtig, aber \u00fcberall kann man sich Anregungen, Ideen und Konzeptvorschl\u00e4ge holen. Durch meine Arbeit im Regionalverband wei\u00df ich, dass der Landkreis Gro\u00df-Gerau beispielsweise im Klimaschutz ein absoluter Vorreiter ist. Auch bei anderen Themen ist [&hellip;]<\/p>\n","protected":false},"author":6,"featured_media":1870,"comment_status":"closed","ping_status":"open","sticky":false,"template":"","format":"standard","meta":{"rop_custom_images_group":[],"rop_custom_messages_group":[],"rop_publish_now":"initial","rop_publish_now_accounts":[],"rop_publish_now_history":[],"rop_publish_now_status":"pending","footnotes":""},"categories":[1],"tags":[2,675,614,674,676],"class_list":["post-1869","post","type-post","status-publish","format-standard","has-post-thumbnail","hentry","category-allgemein","tag-bernd-heinisch","tag-bio-essen","tag-klimaschutz","tag-schulen","tag-vorreiter"],"_links":{"self":[{"href":"http:\/\/spdwoelfersheim.de\/index.php?rest_route=\/wp\/v2\/posts\/1869","targetHints":{"allow":["GET"]}}],"collection":[{"href":"http:\/\/spdwoelfersheim.de\/index.php?rest_route=\/wp\/v2\/posts"}],"about":[{"href":"http:\/\/spdwoelfersheim.de\/index.php?rest_route=\/wp\/v2\/types\/post"}],"author":[{"embeddable":true,"href":"http:\/\/spdwoelfersheim.de\/index.php?rest_route=\/wp\/v2\/users\/6"}],"replies":[{"embeddable":true,"href":"http:\/\/spdwoelfersheim.de\/index.php?rest_route=%2Fwp%2Fv2%2Fcomments&post=1869"}],"version-history":[{"count":2,"href":"http:\/\/spdwoelfersheim.de\/index.php?rest_route=\/wp\/v2\/posts\/1869\/revisions"}],"predecessor-version":[{"id":1873,"href":"http:\/\/spdwoelfersheim.de\/index.php?rest_route=\/wp\/v2\/posts\/1869\/revisions\/1873"}],"wp:featuredmedia":[{"embeddable":true,"href":"http:\/\/spdwoelfersheim.de\/index.php?rest_route=\/wp\/v2\/media\/1870"}],"wp:attachment":[{"href":"http:\/\/spdwoelfersheim.de\/index.php?rest_route=%2Fwp%2Fv2%2Fmedia&parent=1869"}],"wp:term":[{"taxonomy":"category","embeddable":true,"href":"http:\/\/spdwoelfersheim.de\/index.php?rest_route=%2Fwp%2Fv2%2Fcategories&post=1869"},{"taxonomy":"post_tag","embeddable":true,"href":"http:\/\/spdwoelfersheim.de\/index.php?rest_route=%2Fwp%2Fv2%2Ftags&post=1869"}],"curies":[{"name":"wp","href":"https:\/\/api.w.org\/{rel}","templated":true}]}}