{"id":1874,"date":"2023-05-02T13:00:12","date_gmt":"2023-05-02T11:00:12","guid":{"rendered":"http:\/\/spdwoelfersheim.de\/?p=1874"},"modified":"2023-09-27T13:08:07","modified_gmt":"2023-09-27T11:08:07","slug":"was-kann-man-gegen-den-aerztemangel-im-laendlichen-raum-tun","status":"publish","type":"post","link":"http:\/\/spdwoelfersheim.de\/?p=1874","title":{"rendered":"Was kann man gegen den \u00c4rztemangel im l\u00e4ndlichen Raum tun?"},"content":{"rendered":"<p>Rouven K\u00f6tter im Austausch mit dem Vogelsberger Landrat Manfred G\u00f6rig<\/p>\n<p>Bereits im Jahr 2013 hat der Vogelsbergkreis eine Fachstelle f\u00fcr gesundheitliche Versorgung geschaffen, um sich dem wichtigen Thema der \u00e4rztlichen Versorgung im l\u00e4ndlichen Raum anzunehmen. Ein Thema, das auch in Teilen des Wetteraukreises immer wichtiger wird. \u201eWir brauchen in allen Teilen des Kreises ausreichend Haus- und Fach\u00e4rzte. Das ist ein enorm wichtiger Standortfaktor und ein wichtiger Baustein der Daseinsvorsorge. Wenn dies nicht mehr gew\u00e4hrleistet ist, muss Politik handeln\u201c, stellt Landratskandidat Rouven K\u00f6tter klar. Aus diesem Grund hat er sich mit dem Vogelsberger Landrat Manfred G\u00f6rig zu dem Thema ausgetauscht. Dieser stimmt K\u00f6tter absolut zu: \u201eWenn wir es nicht anpacken, klappt es nicht. Wer zieht denn noch hierher, wenn keine \u00c4rzte mehr da sind?\u201c<\/p>\n<p>Im Vogelsberg wurde zun\u00e4chst mit Hilfe einer Studie eine umfangreiche Bestandsanalyse durchgef\u00fchrt und eine Prognose f\u00fcr die weitere Entwicklung erstellt. \u201eDas Fazit war deutlich: Viele \u00c4rztinnen und \u00c4rzte stehen kurz vor dem Eintritt in die Rente und es kommt ein riesiges Problem auf uns zu. Wer solche Entwicklungen erkennt, darf die H\u00e4nde nicht in den Scho\u00df legen, sondern muss handeln\u201c, erl\u00e4utert Landrat G\u00f6rig. Zun\u00e4chst wurden Praxisseminare in Zusammenarbeit mit der Universit\u00e4t Marburg angeboten. An einem \u00e4hnlichen Versuch hat auch der Wetteraukreis unter dem Titel \u201eLandtage in Hessen\u201c teilgenommen, allerdings mit \u00e4u\u00dferst sp\u00e4rlichem Erfolg. \u201eAuch bei uns gab es anfangs Skepsis und wenig Begeisterung. Aber mittlerweile ist das Projekt ein gro\u00dfer Erfolg und wir sind einen Weiterbildungsverbund mit allen Krankenh\u00e4usern eingegangen\u201c, berichtet G\u00f6rig.<\/p>\n<p>Mit zwei weiteren kreativen Projekten packt der Vogelsberg das Thema an: \u201eWenn sich Medizinstudierende verpflichten, nach erfolgreichem Abschluss einige Jahre im Vogelsberg zu arbeiten, erhalten Sie eine monatliche Studienunterst\u00fctzung in H\u00f6he von 500,- \u20ac. Unser Ziel ist es, Haus\u00e4rzte, Fach\u00e4rzte und Mitarbeitende f\u00fcr den \u00f6ffentlichen Gesundheitsdienst zu werben\u201c, so der Vogelsberger Landrat. Aktuell nehmen etwas mehr als zehn Personen an dem Programm teil, was den Landkreis im Jahr etwa 70.000 \u20ac kostet. Um die Zielsetzung abzusichern wird ein Vertrag inklusive R\u00fcckzahlungsverpflichtung abgeschlossen.<\/p>\n<p>Den gr\u00f6\u00dften und mutigsten Schritt ging der Landkreis aber mit der Einrichtung eines Medizinischen Versorgungszentrums (MVZ). \u201eDamit war der Vogelsberg bundesweit Vorreiter. Der b\u00fcrokratische Aufwand war enorm, aber er wurde nicht als Ausrede genommen, sondern er wurde angepackt und bew\u00e4ltigt. Das ist ein Modell, das auch f\u00fcr den Wetteraukreis sehr interessant sein kann\u201c, ist sich Rouven K\u00f6tter sicher. Der Vogelsbergkreis hat hierf\u00fcr gemeinsam mit zwei Kommunen eine gemeinn\u00fctzige GmbH gegr\u00fcndet, \u00c4rztesitze eingekauft und \u00c4rzte eingestellt. \u201eW\u00e4re der Landkreis nicht mit an Bord gegangen, h\u00e4tte das Projekt nicht funktioniert\u201c, stellt G\u00f6rig klar. \u201eWir m\u00fcssen diese Themen aktiv angehen und d\u00fcrfen uns nicht hinter gesetzlichen Aufgaben verschanzen. Kernaufgaben verwalten reicht nicht, wir m\u00fcssen die Herausforderungen der Zukunft gemeinsam mit unseren St\u00e4dten und Gemeinden mutig und entschlossen anpacken.\u201c Diese Vorgehensweise hat dazu gef\u00fchrt, dass in Freiensteinau und Grebenhain nun eine \u00e4rztliche Versorgung angeboten wird, die ansonsten niemals vorhanden gewesen w\u00e4re. \u201eWenn der Markt versagt und die Bed\u00fcrfnisse der Menschen nicht ausreichend erf\u00fcllt werden, muss Politik handeln, damit unsere l\u00e4ndlichen Regionen lebenswert bleiben\u201c, sind sich G\u00f6rig und K\u00f6tter einig.<\/p>\n<p><img loading=\"lazy\" decoding=\"async\" src=\"http:\/\/spdwoelfersheim.de\/wp-content\/uploads\/2023\/05\/aerztemangel2-1024x1024.jpg\" alt=\"\" width=\"640\" height=\"640\" class=\"aligncenter size-large wp-image-1876\" srcset=\"http:\/\/spdwoelfersheim.de\/wp-content\/uploads\/2023\/05\/aerztemangel2-1024x1024.jpg 1024w, http:\/\/spdwoelfersheim.de\/wp-content\/uploads\/2023\/05\/aerztemangel2-300x300.jpg 300w, http:\/\/spdwoelfersheim.de\/wp-content\/uploads\/2023\/05\/aerztemangel2-150x150.jpg 150w, http:\/\/spdwoelfersheim.de\/wp-content\/uploads\/2023\/05\/aerztemangel2-768x768.jpg 768w, http:\/\/spdwoelfersheim.de\/wp-content\/uploads\/2023\/05\/aerztemangel2-1536x1536.jpg 1536w, http:\/\/spdwoelfersheim.de\/wp-content\/uploads\/2023\/05\/aerztemangel2-200x200.jpg 200w, http:\/\/spdwoelfersheim.de\/wp-content\/uploads\/2023\/05\/aerztemangel2-144x144.jpg 144w, http:\/\/spdwoelfersheim.de\/wp-content\/uploads\/2023\/05\/aerztemangel2.jpg 1552w\" sizes=\"auto, (max-width: 640px) 100vw, 640px\" \/><\/p>\n","protected":false},"excerpt":{"rendered":"<p>Rouven K\u00f6tter im Austausch mit dem Vogelsberger Landrat Manfred G\u00f6rig Bereits im Jahr 2013 hat der Vogelsbergkreis eine Fachstelle f\u00fcr gesundheitliche Versorgung geschaffen, um sich dem wichtigen Thema der \u00e4rztlichen Versorgung im l\u00e4ndlichen Raum anzunehmen. Ein Thema, das auch in Teilen des Wetteraukreises immer wichtiger wird. \u201eWir brauchen in allen Teilen des Kreises ausreichend Haus- [&hellip;]<\/p>\n","protected":false},"author":6,"featured_media":1875,"comment_status":"closed","ping_status":"open","sticky":false,"template":"","format":"standard","meta":{"rop_custom_images_group":[],"rop_custom_messages_group":[],"rop_publish_now":"initial","rop_publish_now_accounts":[],"rop_publish_now_history":[],"rop_publish_now_status":"pending","footnotes":""},"categories":[1],"tags":[682,680,678,679,681,677],"class_list":["post-1874","post","type-post","status-publish","format-standard","has-post-thumbnail","hentry","category-allgemein","tag-aerztemangel","tag-gegen","tag-laendlichen","tag-man","tag-raum","tag-tun"],"_links":{"self":[{"href":"http:\/\/spdwoelfersheim.de\/index.php?rest_route=\/wp\/v2\/posts\/1874","targetHints":{"allow":["GET"]}}],"collection":[{"href":"http:\/\/spdwoelfersheim.de\/index.php?rest_route=\/wp\/v2\/posts"}],"about":[{"href":"http:\/\/spdwoelfersheim.de\/index.php?rest_route=\/wp\/v2\/types\/post"}],"author":[{"embeddable":true,"href":"http:\/\/spdwoelfersheim.de\/index.php?rest_route=\/wp\/v2\/users\/6"}],"replies":[{"embeddable":true,"href":"http:\/\/spdwoelfersheim.de\/index.php?rest_route=%2Fwp%2Fv2%2Fcomments&post=1874"}],"version-history":[{"count":1,"href":"http:\/\/spdwoelfersheim.de\/index.php?rest_route=\/wp\/v2\/posts\/1874\/revisions"}],"predecessor-version":[{"id":1877,"href":"http:\/\/spdwoelfersheim.de\/index.php?rest_route=\/wp\/v2\/posts\/1874\/revisions\/1877"}],"wp:featuredmedia":[{"embeddable":true,"href":"http:\/\/spdwoelfersheim.de\/index.php?rest_route=\/wp\/v2\/media\/1875"}],"wp:attachment":[{"href":"http:\/\/spdwoelfersheim.de\/index.php?rest_route=%2Fwp%2Fv2%2Fmedia&parent=1874"}],"wp:term":[{"taxonomy":"category","embeddable":true,"href":"http:\/\/spdwoelfersheim.de\/index.php?rest_route=%2Fwp%2Fv2%2Fcategories&post=1874"},{"taxonomy":"post_tag","embeddable":true,"href":"http:\/\/spdwoelfersheim.de\/index.php?rest_route=%2Fwp%2Fv2%2Ftags&post=1874"}],"curies":[{"name":"wp","href":"https:\/\/api.w.org\/{rel}","templated":true}]}}