{"id":1883,"date":"2023-05-11T13:45:01","date_gmt":"2023-05-11T11:45:01","guid":{"rendered":"http:\/\/spdwoelfersheim.de\/?p=1883"},"modified":"2023-09-27T13:08:07","modified_gmt":"2023-09-27T11:08:07","slug":"ein-echter-macher-eike-see-tritt-zur-wiederwahl-an","status":"publish","type":"post","link":"http:\/\/spdwoelfersheim.de\/?p=1883","title":{"rendered":"\u201eEin echter Macher\u201c \u2013 Eike See tritt zur Wiederwahl an"},"content":{"rendered":"<p>Unter dem Motto \u201eAktiv f\u00fcr W\u00f6lfersheim\u201c trat Eike See im Jahr 2018 zur B\u00fcrgermeisterwahl an und konnte sich gegen seine Mitbewerber durchsetzen. Nun fiel das Votum der W\u00f6lfersheimer SPD-Mitglieder im Rahmen der Jahreshauptversammlung am 05. Mai 2023 eindeutig aus: Eike See soll weiter B\u00fcrgermeister der Gemeinde W\u00f6lfersheim sein. 100% der anwesenden Mitglieder stimmten in der Berst\u00e4dter Mehrzweckhalle f\u00fcr See und zollten seiner Arbeit damit Respekt.<\/p>\n<p>Unz\u00e4hlige kleine und gro\u00dfe Projekte in allen Ortsteilen konnten in den letzten Jahren realisiert werden. Die Rahmenbedingungen daf\u00fcr waren nicht immer einfach. Nach zwei Jahren mit langen und oft auch emotionalen Diskussionen zum REWE-Standort begann mit der Pandemie eine noch nie dagewesene schwierige Zeit. Auf diese folgte der furchtbare Krieg in der Ukraine, der die gr\u00f6\u00dfte Fl\u00fcchtlingswelle seit dem zweiten Weltkrieg ausgel\u00f6st hat. \u201eTrotz dieser oft herausfordernden Situationen ist es meinem Team im Rathaus und mir gelungen, unsere Gemeinde weiter zu entwickeln,\u201c berichtete See sichtlich stolz im Zuge seiner Nominierung. See \u00fcbernahm das Amt als Nachfolger von Rouven K\u00f6tter, der aktuell als Landratskandidat f\u00fcr die Wetterau antritt. \u201eEs freut mich sehr, dass Eike See seit mittlerweile mehr als 5 Jahren sein Amt so gut ausf\u00fchrt. Eike See ist ein echter Teamplayer mit den notwendigen F\u00fchrungskompetenzen. Die Rahmenbedingungen daf\u00fcr sind alles andere als einfach, aber was in den letzten Jahren geleistet wurde, ist beeindruckend,\u201c so K\u00f6tter. Der ehemalige W\u00f6lfersheimer SPD-Fraktionsvorsitzende Karl-Ernst Pulkert lobte See ebenfalls f\u00fcr seine Arbeit. \u201eIch arbeite sehr eng mit Eike im Gemeindevorstand zusammen und bin gl\u00fccklich, dass er weiter die gro\u00dfe Verantwortung, die dieses Amt mit sich bringt, tragen m\u00f6chte. Dies ist in der heutigen Zeit keine Selbstverst\u00e4ndlichkeit. Man merkt ihm immer an, dass er f\u00fcr das Amt des B\u00fcrgermeisters brennt und es aus voller \u00dcberzeugung ausf\u00fchrt. Eike See ist ein echter Macher, der etwas in unsere Gemeinde bewegen m\u00f6chte.\u201c Der Wohnbacher Gemeindevertreter Andreas Bommersheim zeigte sich \u00fcber den Umgang von See mit den Vereinen und speziell \u00fcber das Krisenmanagement in der Corona-Zeit beeindruckt. \u201eEike See hat es mit enormem  Aufwand geschafft, unsere mehr als 450 Kindergartenkinder gut in der Pandemie zu betreuen und deren Eltern immer auf dem Laufenden zu halten. Er hat mit seinem Team viele Wochenenden durchgearbeitet und alles hintenangestellt, damit die B\u00fcrgerinnen und B\u00fcrger informiert sind und alles so funktioniert wie es sein soll.\u201c Nina Gerlach aus Melbach, die ebenfalls in der Gemeindevertretung sitzt, erg\u00e4nzt dazu: \u201eEike k\u00fcmmert sich um alle B\u00fcrgerinnen und B\u00fcrger gleicherma\u00dfen von den Kindergartenkindern bis zu den Senioren. Das zeichnet ihn aus. Er ist greifbar und erreichbar, wenn jemand eine Frage hat. Er geht offen auf die Menschen zu und versucht sich um deren Anliegen zu k\u00fcmmern. Dar\u00fcber hinaus informiert er kontinuierlich \u00fcber alle wichtigen Ereignisse. Ihm ist es wichtig, dass Entscheidungen offen und transparent kommuniziert werden. Daher hat er meine volle Unterst\u00fctzung.\u201c See bedankte sich w\u00e4hrend seiner Vorstellung bei allen f\u00fcr die kontinuierliche Unterst\u00fctzung. \u201eOhne den gro\u00dfartigen R\u00fcckhalt meiner Familie, meines Teams im Rathaus und der W\u00f6lfersheimer SPD w\u00e4re es nicht m\u00f6glich, das anspruchsvolle Amt des B\u00fcrgermeisters in W\u00f6lfersheim so intensiv auszuf\u00fchren, daf\u00fcr bin ich ihnen unendlich dankbar. Ich freue mich sehr auf die n\u00e4chsten Monate, die ich mit viel Motivation, aber auch mit Demut angehe. Es ist ein gro\u00dfes Privileg, meinen Beruf ausf\u00fchren zu d\u00fcrfen und ich bin mir auch der gro\u00dfen Verantwortung bewusst, die mir weiterhin \u00fcbertragen werden soll. Ich m\u00f6chte alles daf\u00fcr geben unsere Gemeinde aktiv gestalten zu d\u00fcrfen,\u201c so See abschlie\u00dfend.<\/p>\n<p><strong>Zur Person:<\/strong><br \/>\nEike See ist 43 Jahre alt und lebt mit seiner Frau und seinen beiden schulpflichtigen T\u00f6chtern im W\u00f6lfersheimer Ortsteil S\u00f6del. Bevor er vor f\u00fcnf Jahren zum B\u00fcrgermeister gew\u00e4hlt wurde leitete er den Fachbereich Finanzen im W\u00f6lfersheimer Rathaus. Davor war er mehr als 15 Jahre in Frankfurt und Bad Homburg in der freien Wirtschaft t\u00e4tig. See ist seit letztem Jahr Mitglied des Wetterauer Kreistages. \u00dcberregional vertritt er seine Gemeinde im Regionalverband Frankfurt RheinMain. Dar\u00fcber hinaus ist See f\u00fcr W\u00f6lfersheim in zahlreichen weiteren Verb\u00e4nden, Unternehmen und Gremien t\u00e4tig, wie zum Beispiel als ehrenamtlicher Gesch\u00e4ftsf\u00fchrer der W\u00f6lfersheim-ovag Energie GmbH, die einen der gr\u00f6\u00dften Photovoltaikparks der Region betreibt oder als Vorsitzender der W\u00f6lfersheimer B\u00fcrgerstiftung. In seiner Freizeit ist Eike See begeisterter Fan von Eintracht Frankfurt und als ehemaliger Handballspieler und Jugendtrainer noch oft in den Sporthallen in der Region unterwegs. Unter <a href=\"http:\/\/www.eike-see.de\" rel=\"noopener\" target=\"_blank\">www.eike-see.de<\/a> findet man weitere Informationen zu Eike See.<\/p>\n","protected":false},"excerpt":{"rendered":"<p>Unter dem Motto \u201eAktiv f\u00fcr W\u00f6lfersheim\u201c trat Eike See im Jahr 2018 zur B\u00fcrgermeisterwahl an und konnte sich gegen seine Mitbewerber durchsetzen. Nun fiel das Votum der W\u00f6lfersheimer SPD-Mitglieder im Rahmen der Jahreshauptversammlung am 05. Mai 2023 eindeutig aus: Eike See soll weiter B\u00fcrgermeister der Gemeinde W\u00f6lfersheim sein. 100% der anwesenden Mitglieder stimmten in der [&hellip;]<\/p>\n","protected":false},"author":6,"featured_media":1884,"comment_status":"closed","ping_status":"open","sticky":false,"template":"","format":"standard","meta":{"rop_custom_images_group":[],"rop_custom_messages_group":[],"rop_publish_now":"initial","rop_publish_now_accounts":[],"rop_publish_now_history":[],"rop_publish_now_status":"pending","footnotes":""},"categories":[1],"tags":[2,687,255,688,32,689,690,351,691],"class_list":["post-1883","post","type-post","status-publish","format-standard","has-post-thumbnail","hentry","category-allgemein","tag-bernd-heinisch","tag-echter","tag-eike","tag-macher","tag-see","tag-tritt","tag-wiederwahl","tag-zur","tag-ein"],"_links":{"self":[{"href":"http:\/\/spdwoelfersheim.de\/index.php?rest_route=\/wp\/v2\/posts\/1883","targetHints":{"allow":["GET"]}}],"collection":[{"href":"http:\/\/spdwoelfersheim.de\/index.php?rest_route=\/wp\/v2\/posts"}],"about":[{"href":"http:\/\/spdwoelfersheim.de\/index.php?rest_route=\/wp\/v2\/types\/post"}],"author":[{"embeddable":true,"href":"http:\/\/spdwoelfersheim.de\/index.php?rest_route=\/wp\/v2\/users\/6"}],"replies":[{"embeddable":true,"href":"http:\/\/spdwoelfersheim.de\/index.php?rest_route=%2Fwp%2Fv2%2Fcomments&post=1883"}],"version-history":[{"count":2,"href":"http:\/\/spdwoelfersheim.de\/index.php?rest_route=\/wp\/v2\/posts\/1883\/revisions"}],"predecessor-version":[{"id":1886,"href":"http:\/\/spdwoelfersheim.de\/index.php?rest_route=\/wp\/v2\/posts\/1883\/revisions\/1886"}],"wp:featuredmedia":[{"embeddable":true,"href":"http:\/\/spdwoelfersheim.de\/index.php?rest_route=\/wp\/v2\/media\/1884"}],"wp:attachment":[{"href":"http:\/\/spdwoelfersheim.de\/index.php?rest_route=%2Fwp%2Fv2%2Fmedia&parent=1883"}],"wp:term":[{"taxonomy":"category","embeddable":true,"href":"http:\/\/spdwoelfersheim.de\/index.php?rest_route=%2Fwp%2Fv2%2Fcategories&post=1883"},{"taxonomy":"post_tag","embeddable":true,"href":"http:\/\/spdwoelfersheim.de\/index.php?rest_route=%2Fwp%2Fv2%2Ftags&post=1883"}],"curies":[{"name":"wp","href":"https:\/\/api.w.org\/{rel}","templated":true}]}}