{"id":1888,"date":"2023-06-26T14:22:14","date_gmt":"2023-06-26T12:22:14","guid":{"rendered":"http:\/\/spdwoelfersheim.de\/?p=1888"},"modified":"2023-09-27T13:08:07","modified_gmt":"2023-09-27T11:08:07","slug":"spd-will-kostenguenstige-und-klimafreundliche-waerme-fuer-neubaugebiete","status":"publish","type":"post","link":"http:\/\/spdwoelfersheim.de\/?p=1888","title":{"rendered":"SPD will kosteng\u00fcnstige und klimafreundliche W\u00e4rme f\u00fcr Neubaugebiete"},"content":{"rendered":"<p>Vor wenigen Tagen besuchten die Mitglieder des Bauausschusses das Projekt \u201ekalte Nahw\u00e4rme\u201c in Bad Nauheim. Im Rahmen einer F\u00fchrung durch die Energiezentrale konnten die Parlamentarier die vielen Vorteile der kalten Nahw\u00e4rme kennenlernen. Diese umfasst die Unabh\u00e4ngigkeit von \u00d6l, Gas und anderen Brennstoffen, geringen Wartungsaufwand, Energieeffizienz und Ressourcenschonung, und stellt somit eine klimafreundliche und zugleich kosteng\u00fcnstige L\u00f6sung dar. Mit einem eingebrachten Antrag setzt sich die W\u00f6lfersheimer SPD-Fraktion f\u00fcr die Integration dieser fortschrittlichen W\u00e4rmeversorgungstechnologie in den geplanten Neubaugebieten der Gemeinde ein.<\/p>\n<p>&#8222;Die Besichtigung zeigte uns deutlich die Vorteile einer solchen W\u00e4rmeversorgung auf. F\u00fcr Neubaugebiete eignet sich diese Art der W\u00e4rmeversorgung hervorragend&#8220;, erkl\u00e4rte Matthias Appel, der Fraktionsvorsitzende der W\u00f6lfersheimer SPD. Mit Blick auf das geplante Neubaugebiet in Wohnbach und die acht zur Verf\u00fcgung stehenden Baupl\u00e4tze in der Stra\u00dfe \u201eIn der Bitz\u201c, hat die SPD W\u00f6lfersheim nun einen Antrag gestellt, die Einbindung des kalten Nahw\u00e4rmenetzes in diese Gebiete zu pr\u00fcfen. \u201eNach der Besichtigung war uns als W\u00f6lfersheimer SPD klar, dass wir f\u00fcr die B\u00fcrgerinnen und B\u00fcrger, die in unsere Gemeinde einen Bauplatz erwerben m\u00f6chten, diese Art der W\u00e4rmeversorgung erm\u00f6glichen sollten&#8220;, sagte Nina Gerlach, Mitglied der W\u00f6lfersheimer Gemeindevertretung.<\/p>\n<p>Der Antrag verlangt, dass der Gemeindevorstand aktiv in die Planungen eines kalten Nahw\u00e4rmenetzes einsteigt. Weiterhin soll eine Kostenanalyse vorgelegt werden, die die potenzielle finanzielle Belastung f\u00fcr die Gemeinde und zuk\u00fcnftige Bauplatzk\u00e4ufer offenlegt. Zudem sollen die notwendigen rechtlichen Schritte bei der Vergabe eines solchen Auftrages gekl\u00e4rt werden. Die Fraktion beantragt zudem, dass in den \u00f6ffentlichen Sitzungen der Gemeindevertretung kontinuierlich \u00fcber den aktuellen Stand berichtet wird.<\/p>\n<p>Mit dieser Initiative unterstreicht die W\u00f6lfersheimer SPD ihr Engagement f\u00fcr nachhaltige und energieeffiziente L\u00f6sungen, die den B\u00fcrgerinnen und B\u00fcrgern zugutekommen und die Umwelt schonen.<\/p>\n","protected":false},"excerpt":{"rendered":"<p>Vor wenigen Tagen besuchten die Mitglieder des Bauausschusses das Projekt \u201ekalte Nahw\u00e4rme\u201c in Bad Nauheim. Im Rahmen einer F\u00fchrung durch die Energiezentrale konnten die Parlamentarier die vielen Vorteile der kalten Nahw\u00e4rme kennenlernen. Diese umfasst die Unabh\u00e4ngigkeit von \u00d6l, Gas und anderen Brennstoffen, geringen Wartungsaufwand, Energieeffizienz und Ressourcenschonung, und stellt somit eine klimafreundliche und zugleich kosteng\u00fcnstige [&hellip;]<\/p>\n","protected":false},"author":6,"featured_media":1889,"comment_status":"closed","ping_status":"open","sticky":false,"template":"","format":"standard","meta":{"rop_custom_images_group":[],"rop_custom_messages_group":[],"rop_publish_now":"initial","rop_publish_now_accounts":[],"rop_publish_now_history":[],"rop_publish_now_status":"pending","footnotes":""},"categories":[1],"tags":[693,694,695,36,692],"class_list":["post-1888","post","type-post","status-publish","format-standard","has-post-thumbnail","hentry","category-allgemein","tag-klimafreundliche","tag-kostenguenstige","tag-neubaugebiete","tag-spd","tag-waerme"],"_links":{"self":[{"href":"http:\/\/spdwoelfersheim.de\/index.php?rest_route=\/wp\/v2\/posts\/1888","targetHints":{"allow":["GET"]}}],"collection":[{"href":"http:\/\/spdwoelfersheim.de\/index.php?rest_route=\/wp\/v2\/posts"}],"about":[{"href":"http:\/\/spdwoelfersheim.de\/index.php?rest_route=\/wp\/v2\/types\/post"}],"author":[{"embeddable":true,"href":"http:\/\/spdwoelfersheim.de\/index.php?rest_route=\/wp\/v2\/users\/6"}],"replies":[{"embeddable":true,"href":"http:\/\/spdwoelfersheim.de\/index.php?rest_route=%2Fwp%2Fv2%2Fcomments&post=1888"}],"version-history":[{"count":1,"href":"http:\/\/spdwoelfersheim.de\/index.php?rest_route=\/wp\/v2\/posts\/1888\/revisions"}],"predecessor-version":[{"id":1890,"href":"http:\/\/spdwoelfersheim.de\/index.php?rest_route=\/wp\/v2\/posts\/1888\/revisions\/1890"}],"wp:featuredmedia":[{"embeddable":true,"href":"http:\/\/spdwoelfersheim.de\/index.php?rest_route=\/wp\/v2\/media\/1889"}],"wp:attachment":[{"href":"http:\/\/spdwoelfersheim.de\/index.php?rest_route=%2Fwp%2Fv2%2Fmedia&parent=1888"}],"wp:term":[{"taxonomy":"category","embeddable":true,"href":"http:\/\/spdwoelfersheim.de\/index.php?rest_route=%2Fwp%2Fv2%2Fcategories&post=1888"},{"taxonomy":"post_tag","embeddable":true,"href":"http:\/\/spdwoelfersheim.de\/index.php?rest_route=%2Fwp%2Fv2%2Ftags&post=1888"}],"curies":[{"name":"wp","href":"https:\/\/api.w.org\/{rel}","templated":true}]}}