{"id":1896,"date":"2023-06-27T14:37:40","date_gmt":"2023-06-27T12:37:40","guid":{"rendered":"http:\/\/spdwoelfersheim.de\/?p=1896"},"modified":"2023-09-27T13:08:07","modified_gmt":"2023-09-27T11:08:07","slug":"sorgen-ernst-nehmen-und-mit-ehrlicher-politik-beantworten","status":"publish","type":"post","link":"http:\/\/spdwoelfersheim.de\/?p=1896","title":{"rendered":"\u201eSorgen ernst nehmen und mit ehrlicher Politik beantworten!\u201c"},"content":{"rendered":"<p>K\u00f6tter \u00e4u\u00dfert sich zur Wahl eines AfD-Landrates in Th\u00fcringen<\/p>\n<p>Der politische Lebenslauf von Landratskandidat Rouven K\u00f6tter zeigt ohne Zweifel: er hat in all seinen Funktionen immer eine klare Kante gegen Rechtsradikalismus, Rassismus und Fremdenfeindlichkeit gezeigt. Vor diesem Hintergrund l\u00e4sst ihn auch die Wahl eines AfD-Mannes zum Landrat im th\u00fcringischen Kreis Sonnenberg nicht kalt.<\/p>\n<p>\u201eIch bin ich im Alter von 16 Jahren in die SPD eingetreten, weil ich es satt war, zuzusehen, wie die NPD mit erschreckenden Ergebnissen aus Wahlen herausgegangen ist und den Ruf meiner Heimatgemeinde zerst\u00f6rt hat.\u201c<br \/>\nDer erfolgreiche Kampf gegen die NPD brachte K\u00f6tter 2016 in die nationalen Schlagzeilen, als die NPD nach der Kommunalwahl keinen Sitz mehr in der W\u00f6lfersheimer Gemeindevertretung hatte. Auch wenn manche Medien ihm diesen Erfolg zuschrieben, betont K\u00f6tter stets, dass dies nur als gemeinsame Aufgabe \u00fcber einen langen Zeitraum m\u00f6glich war: \u201eDas war kein Erfolg einer einzelnen Person, sondern das Ergebnis eines breiten Schulterschlusses und viel Arbeit \u00fcber Jahrzehnte hinweg. Das war ein partei\u00fcbergreifender Erfolg vieler Akteure und ich bin sehr stolz darauf, dass ich daran mitwirken durfte. Diesen Kampf gegen Rechts, gegen Intoleranz, gegen Diskrimierung, gegen Rassismus, f\u00fchre ich bis heute und werde ihn auch weiterf\u00fchren\u201c, stellt K\u00f6tter klar. <\/p>\n<p>Aus dieser Grundhaltung heraus hat K\u00f6tter auch eine klare Meinung zur AfD: \u201eDie AfD ist eine Partei f\u00fcr Nazis und f\u00fcr Menschen, die kein Problem damit haben, gemeinsam mit Nazis in einer Partei zu sein. Das zeigt sich gerade in Th\u00fcringen mit Bj\u00f6rn H\u00f6cke an der Spitze deutlich. Man darf sie nicht verharmlosen und man sollte sich von ihnen auch nicht unwidersprochen applaudieren lassen, weder im Kreistag noch sonst irgendwo. Ich finde die Vorstellung schrecklich, dass nun ein AfD-Mann an der Spitze einer Kreisverwaltung steht. Es ist allerdings das Ergebnis einer demokratischen Wahl, das m\u00fcssen wir akzeptieren. Aber es muss ein Warnsignal f\u00fcr alle politischen Akteure sein\u201c, findet K\u00f6tter klare Worte. \u201eDie W\u00e4hlerinnen und W\u00e4hler der AfD sind keineswegs alles Nazis. Wir d\u00fcrfen diese nicht aufgeben und uns auch nicht dar\u00fcber l\u00e4cherlich machen. Es gibt sehr viele entt\u00e4uschte Menschen und viele Sorgen in unserem Land. Das nehme ich sehr ernst. Es helfen keine warmen Worte ohne klare Taten, um dies zu \u00e4ndern. Wir gewinnen diese W\u00e4hlerinnen und W\u00e4hler nur auf eine einzige Art und Weise zur\u00fcck: durch ehrliche und aufrichtige Politik. Wir m\u00fcssen sagen, was wir tun, warum wir es tun und wir m\u00fcssen auch tun, was wir sagen.\u201c <\/p>\n<p>K\u00f6tter appelliert abschlie\u00dfend an alle demokratischen Kr\u00e4fte des Wetteraukreises: \u201eLasst uns die W\u00e4hlerinnen und W\u00e4hler der AfD nicht aufgeben, sondern durch ehrliche, aufrichtige, geradlinige Politik wieder Vertrauen zur\u00fcckgewinnen. Populistische Aktionen und das Fischen am rechten Rand bringen uns nicht weiter, sondern sind zus\u00e4tzliches Wasser auf die M\u00fchlen der Demokratiefeinde. Wir brauchen eine klare Kante und Abgrenzung nach rechts, kombiniert mit ehrlicher und aufrichtiger Politik. Dies war mein Leitsatz als W\u00f6lfersheimer B\u00fcrgermeister und wird es auch weiterhin sein.\u201c <\/p>\n<p><img loading=\"lazy\" decoding=\"async\" src=\"http:\/\/spdwoelfersheim.de\/wp-content\/uploads\/2023\/06\/rouvenkoetter-1024x1021.jpg\" alt=\"\" width=\"640\" height=\"638\" class=\"aligncenter size-large wp-image-1897\" srcset=\"http:\/\/spdwoelfersheim.de\/wp-content\/uploads\/2023\/06\/rouvenkoetter-1024x1021.jpg 1024w, http:\/\/spdwoelfersheim.de\/wp-content\/uploads\/2023\/06\/rouvenkoetter-300x300.jpg 300w, http:\/\/spdwoelfersheim.de\/wp-content\/uploads\/2023\/06\/rouvenkoetter-150x150.jpg 150w, http:\/\/spdwoelfersheim.de\/wp-content\/uploads\/2023\/06\/rouvenkoetter-768x766.jpg 768w, http:\/\/spdwoelfersheim.de\/wp-content\/uploads\/2023\/06\/rouvenkoetter-1536x1531.jpg 1536w, http:\/\/spdwoelfersheim.de\/wp-content\/uploads\/2023\/06\/rouvenkoetter-200x200.jpg 200w, http:\/\/spdwoelfersheim.de\/wp-content\/uploads\/2023\/06\/rouvenkoetter-144x144.jpg 144w, http:\/\/spdwoelfersheim.de\/wp-content\/uploads\/2023\/06\/rouvenkoetter.jpg 1612w\" sizes=\"auto, (max-width: 640px) 100vw, 640px\" \/><\/p>\n","protected":false},"excerpt":{"rendered":"<p>K\u00f6tter \u00e4u\u00dfert sich zur Wahl eines AfD-Landrates in Th\u00fcringen Der politische Lebenslauf von Landratskandidat Rouven K\u00f6tter zeigt ohne Zweifel: er hat in all seinen Funktionen immer eine klare Kante gegen Rechtsradikalismus, Rassismus und Fremdenfeindlichkeit gezeigt. Vor diesem Hintergrund l\u00e4sst ihn auch die Wahl eines AfD-Mannes zum Landrat im th\u00fcringischen Kreis Sonnenberg nicht kalt. \u201eIch bin [&hellip;]<\/p>\n","protected":false},"author":6,"featured_media":1898,"comment_status":"closed","ping_status":"open","sticky":false,"template":"","format":"standard","meta":{"rop_custom_images_group":[],"rop_custom_messages_group":[],"rop_publish_now":"initial","rop_publish_now_accounts":[],"rop_publish_now_history":[],"rop_publish_now_status":"pending","footnotes":""},"categories":[1],"tags":[699,700,702,701,137,698],"class_list":["post-1896","post","type-post","status-publish","format-standard","has-post-thumbnail","hentry","category-allgemein","tag-beantworten","tag-ehrlicher","tag-ernst","tag-nehmen","tag-politik","tag-sorgen"],"_links":{"self":[{"href":"http:\/\/spdwoelfersheim.de\/index.php?rest_route=\/wp\/v2\/posts\/1896","targetHints":{"allow":["GET"]}}],"collection":[{"href":"http:\/\/spdwoelfersheim.de\/index.php?rest_route=\/wp\/v2\/posts"}],"about":[{"href":"http:\/\/spdwoelfersheim.de\/index.php?rest_route=\/wp\/v2\/types\/post"}],"author":[{"embeddable":true,"href":"http:\/\/spdwoelfersheim.de\/index.php?rest_route=\/wp\/v2\/users\/6"}],"replies":[{"embeddable":true,"href":"http:\/\/spdwoelfersheim.de\/index.php?rest_route=%2Fwp%2Fv2%2Fcomments&post=1896"}],"version-history":[{"count":1,"href":"http:\/\/spdwoelfersheim.de\/index.php?rest_route=\/wp\/v2\/posts\/1896\/revisions"}],"predecessor-version":[{"id":1899,"href":"http:\/\/spdwoelfersheim.de\/index.php?rest_route=\/wp\/v2\/posts\/1896\/revisions\/1899"}],"wp:featuredmedia":[{"embeddable":true,"href":"http:\/\/spdwoelfersheim.de\/index.php?rest_route=\/wp\/v2\/media\/1898"}],"wp:attachment":[{"href":"http:\/\/spdwoelfersheim.de\/index.php?rest_route=%2Fwp%2Fv2%2Fmedia&parent=1896"}],"wp:term":[{"taxonomy":"category","embeddable":true,"href":"http:\/\/spdwoelfersheim.de\/index.php?rest_route=%2Fwp%2Fv2%2Fcategories&post=1896"},{"taxonomy":"post_tag","embeddable":true,"href":"http:\/\/spdwoelfersheim.de\/index.php?rest_route=%2Fwp%2Fv2%2Ftags&post=1896"}],"curies":[{"name":"wp","href":"https:\/\/api.w.org\/{rel}","templated":true}]}}