{"id":1901,"date":"2023-07-20T18:49:16","date_gmt":"2023-07-20T16:49:16","guid":{"rendered":"http:\/\/spdwoelfersheim.de\/?p=1901"},"modified":"2023-09-27T13:08:07","modified_gmt":"2023-09-27T11:08:07","slug":"eilantrag-zur-fluechtlingsunterbringung-in-der-gemeindevertretersitzung-abgelehnt","status":"publish","type":"post","link":"http:\/\/spdwoelfersheim.de\/?p=1901","title":{"rendered":"Eilantrag zur Fl\u00fcchtlingsunterbringung in der Gemeindevertretersitzung abgelehnt"},"content":{"rendered":"<p>Kopfsch\u00fctteln in der Sitzung der W\u00f6lfersheimer Gemeindevertretung. Der Wetteraukreis richtet aktuell im Berst\u00e4dter Industriegebiet, in einer umfunktionierten Lagerhalle, eine Fl\u00fcchtlingsunterkunft ein. In dem Geb\u00e4ude sollen bis zu 80 Personen (ausschlie\u00dflich m\u00e4nnliche Weltfl\u00fcchtlinge) untergebracht werden. Am Montag, dem 17.07.2023, fand eine Begehung unter der F\u00fchrung des hauptamtlichen Kreisbeigeordneten des Wetteraukreises Matthias Walther  mit Vertretern der Gemeinde- und Kreisgremien statt. Im Zuge dieser Besichtigung ergaben sich einige Fragen aus den Reihen der W\u00f6lfersheimer Parlamentarierinnen und Parlamentarier die unbefriedigend oder oberfl\u00e4chlich in der K\u00fcrze der Zeit beantwortet wurden. Insbesonders  Fragen  zur Integration der Gefl\u00fcchteten, deren \u00e4rztliche Versorgung und die Kommunikation mit den B\u00fcrgern aus Berstadt wurden viel zu schnell abgehandelt. Bei der Begehung monierten die W\u00f6lfersheimer Vertreterinnen und Vertreter unisono, dass die Unterkunft r\u00e4umlich  nicht gut f\u00fcr eine, auf l\u00e4ngere Zeit ausgerichtete, Unterbringung von Menschen geeignet ist.<\/p>\n<p>Diese Gegebenheiten veranlasste die W\u00f6lfersheimer SPD in Form eines Eilantrages das Thema auf die Tagesordnung der Gemeindevertretersitzung am Mittwoch zu bringen und anschlie\u00dfend zu beraten. Der Antrag jedoch fand wegen Ablehnung der CDU und der Gr\u00fcnen nicht die notwendige Zweidrittelmehrheit und konnte damit im Parlament nicht behandelt werden. <\/p>\n<p>Mit dem Antrag sollten vier Punkte beschlossen werden. Der Schallschutz in der Halle und im sogenannten Aufenthaltsraum muss dringend verbessert werden. Aufgrund der hohen Lautst\u00e4rke sind Konflikte vorprogrammiert. Weiterhin soll der Wetteraukreis in einer Sitzung des W\u00f6lfersheimer Sozialausschusses \u00fcber die Integrationsma\u00dfnahmen f\u00fcr die gefl\u00fcchteten Menschen berichten, da im Zuge der Begehung nicht klar dargestellt werden konnte, wie die Gefl\u00fcchteten dauerhaft in unserem Land Fu\u00df fassen und arbeiten k\u00f6nnen. Da viele ortsans\u00e4ssige bzw. ortsnahe Haus\u00e4rzte sich einen Aufnahmestopp f\u00fcr neue Patienten auferlegt haben, schl\u00e4gt die SPD weiterhin vor, dass der Wetteraukreis daf\u00fcr Sorge tr\u00e4gt, dass die Gefl\u00fcchteten im Krankheitsfall, sowie beratend stundenweise eine \u00c4rztin bzw. einen Arzt zur Verf\u00fcgung gestellt bekommen. Die \u00e4rztliche Unterst\u00fctzung soll vor Ort sowie telefonisch stattfinden. Hiermit sollen die bereits jetzt schon ausgelasteten \u00c4rzte entlastet und lange Wartezeiten f\u00fcr alle Patienten vermieden werden. Ein weiterer Punkt im Antrag fordert, dass der Landrat und die Erste Beigeordnete des Wetteraukreises im Zuge einer Informationsveranstaltung Vertreterinnen und Vertretern der Berst\u00e4dter Vereine, der Kirchen, der Feuerwehr, der Landwirte und der Nachbarn im Industriegebiet Berstadt die Beweggr\u00fcnde f\u00fcr die vorgesehene Betreuung der recht gro\u00dfen Sammelunterkunft darlegen. \u201eGerade dieser Punkt ist f\u00fcr die Akzeptanz von gr\u00f6\u00dfter Bedeutung. Denn der \u201eW\u00f6lfersheimer Weg\u201c den wir seit der ersten Fl\u00fcchtlingswelle 2015 gehen, ist ein komplett anderer. Wir haben alte H\u00e4user angekauft, diese so saniert, dass  wir dort gefl\u00fcchtete Menschen in einer menschenw\u00fcrdigen Unterkunft unterbringen k\u00f6nnen. So konnten wir nach Geschlecht, Familienverbund, Religion und Alter sinnvoll die Gefl\u00fcchteten verteilen und somit Konflikte vermeiden. Wenn die Unterk\u00fcnfte nicht mehr f\u00fcr Fl\u00fcchtlinge ben\u00f6tigt werden, kann dieser Wohnraum g\u00fcnstig durch die Gemeinde vermietet werden\u201c, berichtet die Sozialausschussvorsitzende Magda Gerlach. Der Vorsitzende der W\u00f6lfersheimer Gemeindevertretung Gerhard Weber erg\u00e4nzt: \u201eVon einem Landrat erwarte ich mehr als die \u00dcbergabe von Spendenbescheiden und die Wahrnehmung von \u201eSch\u00f6nwetterterminen\u201c. Die Fl\u00fcchtlingsunterkunft in Berstadt ist aktuell das am meist diskutierte Thema in W\u00f6lfersheim. Hier kann sich ein, von der Bev\u00f6lkerung direkt gew\u00e4hlter, Landrat nicht wegducken und nur \u00fcber die Presse informieren. Die B\u00fcrger haben gerade bei kritischen Themen ein Anrecht auf eine direkte Information.\u201c Besonders emp\u00f6rt zeigt sich die W\u00f6lfersheimer SPD-Fraktion dar\u00fcber, dass CDU und Gr\u00fcne nicht \u00fcber das Thema beraten wollten. \u201eDass die CDU und die Gr\u00fcnen sich bei einem solchen Thema nicht zu einer Zustimmung zu einem Eilantrag durchringen k\u00f6nnen, ist ein Schlag ins Gesicht aller Berst\u00e4dterinnen und Berst\u00e4dter. \u00dcber einzelne Punkte des Antrages h\u00e4tte man im Rahmen der Beratung auch reden k\u00f6nnen,\u201c erg\u00e4nzt Weber abschlie\u00dfend. <\/p>\n","protected":false},"excerpt":{"rendered":"<p>Kopfsch\u00fctteln in der Sitzung der W\u00f6lfersheimer Gemeindevertretung. Der Wetteraukreis richtet aktuell im Berst\u00e4dter Industriegebiet, in einer umfunktionierten Lagerhalle, eine Fl\u00fcchtlingsunterkunft ein. In dem Geb\u00e4ude sollen bis zu 80 Personen (ausschlie\u00dflich m\u00e4nnliche Weltfl\u00fcchtlinge) untergebracht werden. Am Montag, dem 17.07.2023, fand eine Begehung unter der F\u00fchrung des hauptamtlichen Kreisbeigeordneten des Wetteraukreises Matthias Walther mit Vertretern der Gemeinde- [&hellip;]<\/p>\n","protected":false},"author":6,"featured_media":1902,"comment_status":"closed","ping_status":"open","sticky":false,"template":"","format":"standard","meta":{"rop_custom_images_group":[],"rop_custom_messages_group":[],"rop_publish_now":"initial","rop_publish_now_accounts":[],"rop_publish_now_history":[],"rop_publish_now_status":"pending","footnotes":""},"categories":[1],"tags":[706,293,704,703,705,351],"class_list":["post-1901","post","type-post","status-publish","format-standard","has-post-thumbnail","hentry","category-allgemein","tag-abgelehnt","tag-der","tag-eilantrag","tag-fluechtlingsunterbringung","tag-gemeindevertretersitzung","tag-zur"],"_links":{"self":[{"href":"http:\/\/spdwoelfersheim.de\/index.php?rest_route=\/wp\/v2\/posts\/1901","targetHints":{"allow":["GET"]}}],"collection":[{"href":"http:\/\/spdwoelfersheim.de\/index.php?rest_route=\/wp\/v2\/posts"}],"about":[{"href":"http:\/\/spdwoelfersheim.de\/index.php?rest_route=\/wp\/v2\/types\/post"}],"author":[{"embeddable":true,"href":"http:\/\/spdwoelfersheim.de\/index.php?rest_route=\/wp\/v2\/users\/6"}],"replies":[{"embeddable":true,"href":"http:\/\/spdwoelfersheim.de\/index.php?rest_route=%2Fwp%2Fv2%2Fcomments&post=1901"}],"version-history":[{"count":1,"href":"http:\/\/spdwoelfersheim.de\/index.php?rest_route=\/wp\/v2\/posts\/1901\/revisions"}],"predecessor-version":[{"id":1903,"href":"http:\/\/spdwoelfersheim.de\/index.php?rest_route=\/wp\/v2\/posts\/1901\/revisions\/1903"}],"wp:featuredmedia":[{"embeddable":true,"href":"http:\/\/spdwoelfersheim.de\/index.php?rest_route=\/wp\/v2\/media\/1902"}],"wp:attachment":[{"href":"http:\/\/spdwoelfersheim.de\/index.php?rest_route=%2Fwp%2Fv2%2Fmedia&parent=1901"}],"wp:term":[{"taxonomy":"category","embeddable":true,"href":"http:\/\/spdwoelfersheim.de\/index.php?rest_route=%2Fwp%2Fv2%2Fcategories&post=1901"},{"taxonomy":"post_tag","embeddable":true,"href":"http:\/\/spdwoelfersheim.de\/index.php?rest_route=%2Fwp%2Fv2%2Ftags&post=1901"}],"curies":[{"name":"wp","href":"https:\/\/api.w.org\/{rel}","templated":true}]}}