{"id":1915,"date":"2023-09-27T13:09:16","date_gmt":"2023-09-27T11:09:16","guid":{"rendered":"http:\/\/spdwoelfersheim.de\/?p=1915"},"modified":"2023-09-27T13:09:30","modified_gmt":"2023-09-27T11:09:30","slug":"kita-melbach-gruene-cdu-und-fwg-gegen-neue-kita-im-melbacher-ortskern","status":"publish","type":"post","link":"http:\/\/spdwoelfersheim.de\/?p=1915","title":{"rendered":"Kita Melbach: Gr\u00fcne, CDU und FWG gegen neue Kita im Melbacher Ortskern"},"content":{"rendered":"<p>Zuschauer zu Ausschuss-Sitzungen der W\u00f6lfersheimer Gemeindevertretung sind eher selten. Am Montag war dies anders. Zahlreiche B\u00fcrgerinnen und B\u00fcrger wollten sich \u00fcber die Planungen einer neuen Kindertagesst\u00e4tte in ihrem Ortsteil Melbach informieren. \u201eDie Verwaltung hat die Standortoptionen f\u00fcr das Vorhaben ausf\u00fchrlich beleuchtet und konnte gute Argument f\u00fcr den Standort in der Ortsmitte vorstellen. Auch die zahlreichen Fragen wurden umf\u00e4nglich beantwortet. \u201eEs ist traurig, dass die Oppositionsparteien das Projekt unn\u00f6tig verz\u00f6gern wollen. Melbach braucht dringend einen neuen Kindergarten, der auch die U3 Unterbringung erm\u00f6glicht, und Wahlkampfgepl\u00e4nkel ist hier v\u00f6llig fehl am Platz,\u201c \u00e4rgerte sich Ausschussmitglied Nina Gerlach von der SPD-Fraktion.<br \/>\nIm Rahmen einer ausf\u00fchrlichen Pr\u00e4sentation gingen die im Rathaus zust\u00e4ndige Fachbereichsleiterin Nicole Stelzner-Lehmann und Hochbauleiter Anton Krippner auf die zur\u00fcckliegende Suche nach m\u00f6glichen Standorten ein. Eine erste Konzeptskizze stellte die Geb\u00e4udeh\u00fclle am m\u00f6glichen Standort in der Ortsmitte dar. Von der Fraktion der Gr\u00fcnen wurde dies f\u00e4lschlicherweise als fertige Planung interpretiert. \u201eDie Mitarbeiter haben die Hintergr\u00fcnde ausf\u00fchrlich erl\u00e4utert. Dem Gemeindeparlament hilft die optische Konzeptdarstellung, um weitere Entscheidungen auf validen Informationen treffen zu k\u00f6nnen,\u201c so Gerlach.<\/p>\n<p>Andreas Bommersheim erg\u00e4nzt. \u201eWir hatten 10 Wochen Zeit, um uns mit den Vorplanungen auseinanderzusetzen und sachliche Fragen zu platzieren, die alle im Vorfeld beantwortet worden waren.\u201c Selbst nach der erneuten ausf\u00fchrlichen Erl\u00e4uterung von B\u00fcrgermeister Eike See, der nochmaligen Darstellung der unterschiedlichen Standortvarianten und der entstehenden Kosten an alternativen Standorten waren die Gr\u00fcnen unzufrieden. Die Fraktion der SPD wertete dies allerdings als reine Wahlkampftaktik.<\/p>\n<p>\u201eAls Vorsitzende des Ausschusses war ich einigerma\u00dfen \u00fcberrascht, dass nach \u00fcber 10 Wochen Kenntnis der ausf\u00fchrlichen Unterlagen am Ende der Sitzung pl\u00f6tzlich von der CDU-Fraktion ein Wunsch-Kita-Standort auf einen Acker am s\u00fcdlichen Melbacher Ortsrand in die Diskussion eingebracht wurde. Diese Idee wurde \u00fcberraschend von den Mitgliedern der FWG und B\u00fcndnis 90\/Gr\u00fcne mitgetragen. Das ist Verhinderungsstrategie und w\u00fcrde die Planungen unbotm\u00e4\u00dfig hinausschieben sowie die Kosten f\u00fcr unsere Gemeinde immens erh\u00f6hen. Die Melbacher Eltern und Kinder warten dringend auf ein schnelle und verl\u00e4ssliche Umsetzung des Vorhabens,\u201c betonte Ausschussvorsitzende Magda Gerlach.<\/p>\n<p>Die Fraktion der Gr\u00fcnen stellte den Antrag, das Thema weiter im Ausschuss zu belassen und keine Entscheidung zu treffen. \u201eAus unserer Sicht gab es keinen Gespr\u00e4chsbedarf mehr. Wir verabschieden keine finalen Planungen, sondern treffen nur eine Entscheidung f\u00fcr einen zentralen Standort im Ortskern und die ist richtig,\u201c so Nina Gerlach. <\/p>\n<p>Der gemeinsame Antrag von CDU, FWG und Gr\u00fcnen wurde mit den Stimmen der SPD-Mehrheit abgelehnt. Daraufhin stellten die Gr\u00fcnen den Antrag, die Kosten f\u00fcr den Ankauf eines Grundst\u00fcckes am s\u00fcdlichen Melbacher Ortsrand zu ermitteln.<\/p>\n<p>\u201eDie Kosten ohne die begleitende Infrastruktur und das angrenzende Dorfgemeinschaftshaus im Ortskern w\u00e4ren wesentlich h\u00f6her. Das wurde in der Pr\u00e4sentation zuvor ausf\u00fchrlich dargestellt und auch von mir nochmals deutlich unterstrichen,\u201c berichtet B\u00fcrgermeister Eike See. \u00dcber den nun von Michael R\u00fcckel (Gr\u00fcne) gestellten Antrag, Verhandlungen \u00fcber den Neuankauf eines Grundst\u00fcckes zu f\u00fchren, zeigte sich der Sozialdemokrat verwundert. \u201eEs wird in W\u00f6lfersheim immer wieder nach neuen kreativen L\u00f6sungen gesucht, um im Bestand und nicht auf der gr\u00fcnen Wiese zu bauen. Beispiele daf\u00fcr sind das \u00c4rztehaus in S\u00f6del oder der Kindergarten in der ehemaligen Apotheke, neben den Rathaus,\u201c erl\u00e4utert See. \u201eDer von den Gr\u00fcnen gestellte Antrag ist rein politisch motiviert. Wirklich traurig ist allerdings, dass auch FWG und CDU den fadenscheinigen Argumenten der Gr\u00fcnen aus reinem Trotz folgen,\u201c erg\u00e4nzt Magda Gerlach von der SPD.<br \/>\n\u201eDer Kindergarten geh\u00f6rt in die Ortsmitte von Melbach. Er ist zentral und ohne gef\u00e4hrliche Stra\u00dfen\u00fcberquerungen erreichbar. Er ist in der N\u00e4he des Dorfgemeinschaftshauses, das als Bewegungsraum genutzt wird, direkt an der Kirche, fu\u00dfl\u00e4ufig zum Spielplatz und zum Sportplatz. All diese Vorz\u00fcge w\u00e4ren bei einem Standort am Ortsrand nicht mehr in den Tagesablauf einer Kita integrierbar. Der Standort im Ortskern ist absolut richtig, auch wenn das Au\u00dfengel\u00e4nde durch die anliegenden Bauten begrenzt wird. Es w\u00e4re fatal, die Kita aus dem Herzen Melbachs heraus zu rei\u00dfen,\u201c schlie\u00dft Nina Gerlach ab.<\/p>\n","protected":false},"excerpt":{"rendered":"<p>Zuschauer zu Ausschuss-Sitzungen der W\u00f6lfersheimer Gemeindevertretung sind eher selten. Am Montag war dies anders. Zahlreiche B\u00fcrgerinnen und B\u00fcrger wollten sich \u00fcber die Planungen einer neuen Kindertagesst\u00e4tte in ihrem Ortsteil Melbach informieren. \u201eDie Verwaltung hat die Standortoptionen f\u00fcr das Vorhaben ausf\u00fchrlich beleuchtet und konnte gute Argument f\u00fcr den Standort in der Ortsmitte vorstellen. Auch die zahlreichen [&hellip;]<\/p>\n","protected":false},"author":6,"featured_media":1916,"comment_status":"closed","ping_status":"open","sticky":false,"template":"","format":"standard","meta":{"rop_custom_images_group":[],"rop_custom_messages_group":[],"rop_publish_now":"initial","rop_publish_now_accounts":[],"rop_publish_now_history":[],"rop_publish_now_status":"pending","footnotes":""},"categories":[1],"tags":[119,317,680,225,486,22,626,354,713],"class_list":["post-1915","post","type-post","status-publish","format-standard","has-post-thumbnail","hentry","category-allgemein","tag-cdu","tag-fwg","tag-gegen","tag-gruene","tag-kita","tag-melbach","tag-melbacher","tag-neue","tag-ortskern"],"_links":{"self":[{"href":"http:\/\/spdwoelfersheim.de\/index.php?rest_route=\/wp\/v2\/posts\/1915","targetHints":{"allow":["GET"]}}],"collection":[{"href":"http:\/\/spdwoelfersheim.de\/index.php?rest_route=\/wp\/v2\/posts"}],"about":[{"href":"http:\/\/spdwoelfersheim.de\/index.php?rest_route=\/wp\/v2\/types\/post"}],"author":[{"embeddable":true,"href":"http:\/\/spdwoelfersheim.de\/index.php?rest_route=\/wp\/v2\/users\/6"}],"replies":[{"embeddable":true,"href":"http:\/\/spdwoelfersheim.de\/index.php?rest_route=%2Fwp%2Fv2%2Fcomments&post=1915"}],"version-history":[{"count":1,"href":"http:\/\/spdwoelfersheim.de\/index.php?rest_route=\/wp\/v2\/posts\/1915\/revisions"}],"predecessor-version":[{"id":1917,"href":"http:\/\/spdwoelfersheim.de\/index.php?rest_route=\/wp\/v2\/posts\/1915\/revisions\/1917"}],"wp:featuredmedia":[{"embeddable":true,"href":"http:\/\/spdwoelfersheim.de\/index.php?rest_route=\/wp\/v2\/media\/1916"}],"wp:attachment":[{"href":"http:\/\/spdwoelfersheim.de\/index.php?rest_route=%2Fwp%2Fv2%2Fmedia&parent=1915"}],"wp:term":[{"taxonomy":"category","embeddable":true,"href":"http:\/\/spdwoelfersheim.de\/index.php?rest_route=%2Fwp%2Fv2%2Fcategories&post=1915"},{"taxonomy":"post_tag","embeddable":true,"href":"http:\/\/spdwoelfersheim.de\/index.php?rest_route=%2Fwp%2Fv2%2Ftags&post=1915"}],"curies":[{"name":"wp","href":"https:\/\/api.w.org\/{rel}","templated":true}]}}