{"id":1919,"date":"2023-10-11T09:45:39","date_gmt":"2023-10-11T07:45:39","guid":{"rendered":"http:\/\/spdwoelfersheim.de\/?p=1919"},"modified":"2023-10-11T09:46:00","modified_gmt":"2023-10-11T07:46:00","slug":"die-woelfersheimer-spd-gratuliert-eike-see","status":"publish","type":"post","link":"http:\/\/spdwoelfersheim.de\/?p=1919","title":{"rendered":"Die W\u00f6lfersheimer SPD gratuliert Eike See"},"content":{"rendered":"<p>Wir freuen uns sehr, dass unser B\u00fcrgermeister Eike See am Wochenende mit 74,99 Prozent in seinem Amt best\u00e4tigt wurde. In der aktuellen politischen Lage ist ein solches Ergebnis alles andere als selbstverst\u00e4ndlich, daher ist unsere Freude umso gr\u00f6\u00dfer.<\/p>\n<p>F\u00fcr die kommenden sechs Jahre w\u00fcnschen wir Eike See alles Gute und freuen uns auf eine weiterhin vertrauensvolle, enge und engagierte Zusammenarbeit.<\/p>\n","protected":false},"excerpt":{"rendered":"<p>Wir freuen uns sehr, dass unser B\u00fcrgermeister Eike See am Wochenende mit 74,99 Prozent in seinem Amt best\u00e4tigt wurde. In der aktuellen politischen Lage ist ein solches Ergebnis alles andere als selbstverst\u00e4ndlich, daher ist unsere Freude umso gr\u00f6\u00dfer. F\u00fcr die kommenden sechs Jahre w\u00fcnschen wir Eike See alles Gute und freuen uns auf eine weiterhin [&hellip;]<\/p>\n","protected":false},"author":6,"featured_media":1920,"comment_status":"closed","ping_status":"open","sticky":false,"template":"","format":"standard","meta":{"rop_custom_images_group":[],"rop_custom_messages_group":[],"rop_publish_now":"initial","rop_publish_now_accounts":[],"rop_publish_now_history":[],"rop_publish_now_status":"pending","footnotes":""},"categories":[1],"tags":[255,714,32,36,254],"class_list":["post-1919","post","type-post","status-publish","format-standard","has-post-thumbnail","hentry","category-allgemein","tag-eike","tag-gratuliert","tag-see","tag-spd","tag-woelfersheimer"],"_links":{"self":[{"href":"http:\/\/spdwoelfersheim.de\/index.php?rest_route=\/wp\/v2\/posts\/1919","targetHints":{"allow":["GET"]}}],"collection":[{"href":"http:\/\/spdwoelfersheim.de\/index.php?rest_route=\/wp\/v2\/posts"}],"about":[{"href":"http:\/\/spdwoelfersheim.de\/index.php?rest_route=\/wp\/v2\/types\/post"}],"author":[{"embeddable":true,"href":"http:\/\/spdwoelfersheim.de\/index.php?rest_route=\/wp\/v2\/users\/6"}],"replies":[{"embeddable":true,"href":"http:\/\/spdwoelfersheim.de\/index.php?rest_route=%2Fwp%2Fv2%2Fcomments&post=1919"}],"version-history":[{"count":1,"href":"http:\/\/spdwoelfersheim.de\/index.php?rest_route=\/wp\/v2\/posts\/1919\/revisions"}],"predecessor-version":[{"id":1921,"href":"http:\/\/spdwoelfersheim.de\/index.php?rest_route=\/wp\/v2\/posts\/1919\/revisions\/1921"}],"wp:featuredmedia":[{"embeddable":true,"href":"http:\/\/spdwoelfersheim.de\/index.php?rest_route=\/wp\/v2\/media\/1920"}],"wp:attachment":[{"href":"http:\/\/spdwoelfersheim.de\/index.php?rest_route=%2Fwp%2Fv2%2Fmedia&parent=1919"}],"wp:term":[{"taxonomy":"category","embeddable":true,"href":"http:\/\/spdwoelfersheim.de\/index.php?rest_route=%2Fwp%2Fv2%2Fcategories&post=1919"},{"taxonomy":"post_tag","embeddable":true,"href":"http:\/\/spdwoelfersheim.de\/index.php?rest_route=%2Fwp%2Fv2%2Ftags&post=1919"}],"curies":[{"name":"wp","href":"https:\/\/api.w.org\/{rel}","templated":true}]}}