{"id":1924,"date":"2023-11-28T21:15:52","date_gmt":"2023-11-28T19:15:52","guid":{"rendered":"http:\/\/spdwoelfersheim.de\/?p=1924"},"modified":"2024-01-29T11:30:06","modified_gmt":"2024-01-29T09:30:06","slug":"feuerwehr-und-spd-soedel-laden-zum-adventsmarkt-ein","status":"publish","type":"post","link":"http:\/\/spdwoelfersheim.de\/?p=1924","title":{"rendered":"Feuerwehr und SPD S\u00f6del laden zum Adventsmarkt ein"},"content":{"rendered":"<p>Am Samstag, dem 2. Dezember, findet ab 14:00 Uhr der inzwischen zur Tradition gewordene S\u00f6deler Adventsmarkt auf dem Kirchplatz in W\u00f6lfersheim\/S\u00f6del statt.<\/p>\n<p>Seit 23 Jahren stellt die S\u00f6deler SPD dort einen Weihnachtsbaum auf. Auch das ehemalige Wiegeh\u00e4uschen wird mit Lichtern umrandet. Vorher packen die roten Engelchen der SPD liebevoll P\u00e4ckchen, die zur Dekoration an den Baum geh\u00e4ngt werden. Dieser wird von spendablen Gartenbesitzern gestiftet und am Morgen \u201efrisch\u201c mit der Motors\u00e4ge geerntet.<\/p>\n<p>Auf Initiative des SPD Ortsbezirks und der S\u00f6deler Feuerwehr gibt es dazu passend den S\u00f6deler Adventsmarkt. S\u00f6deler Vereine und beherzte Privatleute gestalten diesen kleinen, aber gem\u00fctlichen vorweihnachtlichen Markt. Um 14:00 Uhr beginnt der Markt stimmungsvoll mit einer kurzen Andacht und Liedern vom Kinderchor der \u00f6rtlichen Jim-Knopf-Grundschule. Neben allerlei K\u00f6stlichkeiten, kalten und hei\u00dfen Getr\u00e4nken sowie regionalen Artikeln k\u00f6nnen sich die Besucher an 13 St\u00e4nden auf das kommende Weihnachtsfest einstimmen.<\/p>\n","protected":false},"excerpt":{"rendered":"<p>Am Samstag, dem 2. Dezember, findet ab 14:00 Uhr der inzwischen zur Tradition gewordene S\u00f6deler Adventsmarkt auf dem Kirchplatz in W\u00f6lfersheim\/S\u00f6del statt. Seit 23 Jahren stellt die S\u00f6deler SPD dort einen Weihnachtsbaum auf. Auch das ehemalige Wiegeh\u00e4uschen wird mit Lichtern umrandet. Vorher packen die roten Engelchen der SPD liebevoll P\u00e4ckchen, die zur Dekoration an den [&hellip;]<\/p>\n","protected":false},"author":6,"featured_media":1925,"comment_status":"closed","ping_status":"open","sticky":false,"template":"","format":"standard","meta":{"rop_custom_images_group":[],"rop_custom_messages_group":[],"rop_publish_now":"initial","rop_publish_now_accounts":[],"rop_publish_now_history":[],"rop_publish_now_status":"pending","footnotes":""},"categories":[1],"tags":[173,101,715,74,36],"class_list":["post-1924","post","type-post","status-publish","format-standard","has-post-thumbnail","hentry","category-allgemein","tag-adventsmarkt","tag-feuerwehr","tag-laden","tag-soedel","tag-spd"],"_links":{"self":[{"href":"http:\/\/spdwoelfersheim.de\/index.php?rest_route=\/wp\/v2\/posts\/1924","targetHints":{"allow":["GET"]}}],"collection":[{"href":"http:\/\/spdwoelfersheim.de\/index.php?rest_route=\/wp\/v2\/posts"}],"about":[{"href":"http:\/\/spdwoelfersheim.de\/index.php?rest_route=\/wp\/v2\/types\/post"}],"author":[{"embeddable":true,"href":"http:\/\/spdwoelfersheim.de\/index.php?rest_route=\/wp\/v2\/users\/6"}],"replies":[{"embeddable":true,"href":"http:\/\/spdwoelfersheim.de\/index.php?rest_route=%2Fwp%2Fv2%2Fcomments&post=1924"}],"version-history":[{"count":1,"href":"http:\/\/spdwoelfersheim.de\/index.php?rest_route=\/wp\/v2\/posts\/1924\/revisions"}],"predecessor-version":[{"id":1926,"href":"http:\/\/spdwoelfersheim.de\/index.php?rest_route=\/wp\/v2\/posts\/1924\/revisions\/1926"}],"wp:featuredmedia":[{"embeddable":true,"href":"http:\/\/spdwoelfersheim.de\/index.php?rest_route=\/wp\/v2\/media\/1925"}],"wp:attachment":[{"href":"http:\/\/spdwoelfersheim.de\/index.php?rest_route=%2Fwp%2Fv2%2Fmedia&parent=1924"}],"wp:term":[{"taxonomy":"category","embeddable":true,"href":"http:\/\/spdwoelfersheim.de\/index.php?rest_route=%2Fwp%2Fv2%2Fcategories&post=1924"},{"taxonomy":"post_tag","embeddable":true,"href":"http:\/\/spdwoelfersheim.de\/index.php?rest_route=%2Fwp%2Fv2%2Ftags&post=1924"}],"curies":[{"name":"wp","href":"https:\/\/api.w.org\/{rel}","templated":true}]}}