{"id":1927,"date":"2023-12-07T11:47:44","date_gmt":"2023-12-07T09:47:44","guid":{"rendered":"http:\/\/spdwoelfersheim.de\/?p=1927"},"modified":"2024-01-29T11:30:06","modified_gmt":"2024-01-29T09:30:06","slug":"soedeler-adventsmarkt-uebertrifft-alle-erwartungen","status":"publish","type":"post","link":"http:\/\/spdwoelfersheim.de\/?p=1927","title":{"rendered":"S\u00f6deler Adventsmarkt \u00fcbertrifft alle Erwartungen"},"content":{"rendered":"<p>In diesem Jahr konnte der S\u00f6deler SPD-Ortsverein einen besonders sch\u00f6nen Weihnachtsbaum mit roten B\u00e4ndern und P\u00e4ckchen schm\u00fccken. Ein Dank geht an die Gemeinde, die den Baum gespendet und zur Freude von Klein und Gro\u00df aufgestellt hatte, so dass am Nachmittag der beliebte Adventsmarkt mit einer kurzen Andacht  von Pfarrerin Andrea Kr\u00fcgler und Liedern des Kinderchores der Jim-Knopf-Grundschule er\u00f6ffnet werden konnte.<\/p>\n<p>Der diesj\u00e4hrige S\u00f6deler Adventsmarkt, ausgerichtet von der Freiwilligen Feuerwehr S\u00f6del und dem SPD Ortsverein, \u00fcbertraf alle seine Vorg\u00e4nger: Noch mehr St\u00e4nde als im vergangen Jahr boten feste und fl\u00fcssige K\u00f6stlichkeiten sowie Weihnachtsartikel an. Die gelungene Mischung mit rustikalen Holzh\u00fctten, dem beleuchteten Wiegeh\u00e4uschen und dem geschm\u00fcckten Baum lockte viele kleine und gro\u00dfe Besucher trotz knackig kalter Minusgrade zum S\u00f6deler Dorfmittelpunkt. Hier fand man reichlich Gelegenheit zu einem Schw\u00e4tzchen mit neuen und alten Bekannten. Rundherum sah man zufriedene Gesichter und gl\u00e4nzende Augen. Eine gelungene Einstimmung in die Weihnachtszeit.<\/p>\n<p>Wir w\u00fcnschen allen B\u00fcrgerinnen und B\u00fcrgern eine gesunde und stressarme Vorweihnachtszeit!<\/p>\n<p>Eure S\u00f6deler SPD<\/p>\n<p><img loading=\"lazy\" decoding=\"async\" src=\"http:\/\/spdwoelfersheim.de\/wp-content\/uploads\/2023\/12\/baum-635x1024.jpg\" alt=\"\" width=\"635\" height=\"1024\" class=\"aligncenter size-large wp-image-1929\" srcset=\"http:\/\/spdwoelfersheim.de\/wp-content\/uploads\/2023\/12\/baum-635x1024.jpg 635w, http:\/\/spdwoelfersheim.de\/wp-content\/uploads\/2023\/12\/baum-186x300.jpg 186w, http:\/\/spdwoelfersheim.de\/wp-content\/uploads\/2023\/12\/baum-768x1238.jpg 768w, http:\/\/spdwoelfersheim.de\/wp-content\/uploads\/2023\/12\/baum-953x1536.jpg 953w, http:\/\/spdwoelfersheim.de\/wp-content\/uploads\/2023\/12\/baum.jpg 1080w\" sizes=\"auto, (max-width: 635px) 100vw, 635px\" \/><\/p>\n<p><em>Personen auf dem Foto (von links nach rechts):<br \/>\nPfarrerin Andrea Kr\u00fcgler, Jan Pacula, SPD-Ortsvereinvorsitzender Michael Schmidt, Julia See mit Tochter Johanna, Manfred Sauer, Dieter See, B\u00fcrgermeister Eike See<\/em><\/p>\n","protected":false},"excerpt":{"rendered":"<p>In diesem Jahr konnte der S\u00f6deler SPD-Ortsverein einen besonders sch\u00f6nen Weihnachtsbaum mit roten B\u00e4ndern und P\u00e4ckchen schm\u00fccken. Ein Dank geht an die Gemeinde, die den Baum gespendet und zur Freude von Klein und Gro\u00df aufgestellt hatte, so dass am Nachmittag der beliebte Adventsmarkt mit einer kurzen Andacht von Pfarrerin Andrea Kr\u00fcgler und Liedern des Kinderchores [&hellip;]<\/p>\n","protected":false},"author":6,"featured_media":1928,"comment_status":"closed","ping_status":"open","sticky":false,"template":"","format":"standard","meta":{"rop_custom_images_group":[],"rop_custom_messages_group":[],"rop_publish_now":"initial","rop_publish_now_accounts":[],"rop_publish_now_history":[],"rop_publish_now_status":"pending","footnotes":""},"categories":[1],"tags":[173,717,288,716],"class_list":["post-1927","post","type-post","status-publish","format-standard","has-post-thumbnail","hentry","category-allgemein","tag-adventsmarkt","tag-erwartungen","tag-soedeler","tag-uebertrifft"],"_links":{"self":[{"href":"http:\/\/spdwoelfersheim.de\/index.php?rest_route=\/wp\/v2\/posts\/1927","targetHints":{"allow":["GET"]}}],"collection":[{"href":"http:\/\/spdwoelfersheim.de\/index.php?rest_route=\/wp\/v2\/posts"}],"about":[{"href":"http:\/\/spdwoelfersheim.de\/index.php?rest_route=\/wp\/v2\/types\/post"}],"author":[{"embeddable":true,"href":"http:\/\/spdwoelfersheim.de\/index.php?rest_route=\/wp\/v2\/users\/6"}],"replies":[{"embeddable":true,"href":"http:\/\/spdwoelfersheim.de\/index.php?rest_route=%2Fwp%2Fv2%2Fcomments&post=1927"}],"version-history":[{"count":2,"href":"http:\/\/spdwoelfersheim.de\/index.php?rest_route=\/wp\/v2\/posts\/1927\/revisions"}],"predecessor-version":[{"id":1932,"href":"http:\/\/spdwoelfersheim.de\/index.php?rest_route=\/wp\/v2\/posts\/1927\/revisions\/1932"}],"wp:featuredmedia":[{"embeddable":true,"href":"http:\/\/spdwoelfersheim.de\/index.php?rest_route=\/wp\/v2\/media\/1928"}],"wp:attachment":[{"href":"http:\/\/spdwoelfersheim.de\/index.php?rest_route=%2Fwp%2Fv2%2Fmedia&parent=1927"}],"wp:term":[{"taxonomy":"category","embeddable":true,"href":"http:\/\/spdwoelfersheim.de\/index.php?rest_route=%2Fwp%2Fv2%2Fcategories&post=1927"},{"taxonomy":"post_tag","embeddable":true,"href":"http:\/\/spdwoelfersheim.de\/index.php?rest_route=%2Fwp%2Fv2%2Ftags&post=1927"}],"curies":[{"name":"wp","href":"https:\/\/api.w.org\/{rel}","templated":true}]}}