{"id":1934,"date":"2024-01-12T14:17:03","date_gmt":"2024-01-12T12:17:03","guid":{"rendered":"http:\/\/spdwoelfersheim.de\/?p=1934"},"modified":"2024-01-29T11:30:06","modified_gmt":"2024-01-29T09:30:06","slug":"woelfersheimerin-neue-wetterauer-juso-chefin","status":"publish","type":"post","link":"http:\/\/spdwoelfersheim.de\/?p=1934","title":{"rendered":"W\u00f6lfersheimerin neue Wetterauer-Juso-Chefin"},"content":{"rendered":"<p><strong>Ein Interview mit Felicitas Ziegler<\/strong><\/p>\n<p><strong>Warum engagiertest du dich \u00fcberregional?<\/strong><br \/>\nIn unserem Kreis haben wir je nach Region bereits unterschiedliche Interessen. B\u00fcdingen hat andere Themen als Bad Vilbel. Nichts anderes ist es auf Hessen-Ebene. Wir im Wetteraukreis haben Probleme, die in Frankfurt kein Thema sind. Genauso aber auch umgekehrt. Bei den Schwerpunkten, die in der Stadt gesetzt werden, haben wir nicht den gleichen Bedarf. Es ist nicht nur wichtig, eine junge Perspektive auf Themen einzubringen, sondern auch eine von hier vor Ort.<\/p>\n<p><strong>Was hast Du Dir vorgenommen?<\/strong><br \/>\nZusammen mit meiner Co-Vorsitzenden Sophia Miller wollen wir die Jusos Wetterau inhaltlich, personell und zeitgem\u00e4\u00df f\u00fcr die Zukunft aufstellen. Wir haben das gro\u00dfe Gl\u00fcck, in der Wetterau viele interessierte und motivierte, junge Genoss*innen zu haben. Das soll weiter so bleiben. Wir arbeiten stetig daran, eine gute Mischung aus ernsthafter Diskussion, inhaltlicher Ausarbeitung und spa\u00dfigen Veranstaltungen herzustellen. Unser Fokus liegt nicht nur auf der Einbindung und F\u00f6rderung von Jusos, sondern auch darauf, m\u00f6glichst attraktiv f\u00fcr Interessierte oder Neumitglieder zu sein. <\/p>\n<p><strong>Wie schafft man es junge Menschen f\u00fcr die Politik zu begeistern?<\/strong><br \/>\nInteresse und Eigeninitiative m\u00fcssen ein wenig vorhanden sein, dann liegt es an uns, Angebote zu schaffen, die darauf aufbauen. Wir von den Jusos Wetterau veranstalten hierf\u00fcr lockere Austauschrunden z.B. in Form von unseren regelm\u00e4\u00dfigen Barabenden. Parteien k\u00f6nnen einen eingestaubten Ruf haben. Nach dem ersten Kontakt wei\u00df man: Wir sind eine Truppe junger, motivierter Leute. Wenn es letztendlich inhaltlich passt, kann man an unseren tiefergehenden Veranstaltungen mit teilnehmen. Hierf\u00fcr haben wir Plenumstermine oder Themenabende. Wir organisieren au\u00dferdem mehrt\u00e4gige Klausurtagungen oder Workshops. <\/p>\n<p>Es ist au\u00dferdem wichtig, dass m\u00f6glichst viele Personen mitbekommen, dass wir viel gute Arbeit leisten. Plattformen wie das \u201eB\u00fcrgergespr\u00e4ch\u201c sind essentiell. Wir nutzen daf\u00fcr mehrheitlich unsere Whats App Gruppen und social media Plattformen. <\/p>\n<p><strong>Wie bist du zur Politik gekommen?<\/strong><br \/>\nPolitisches Interesse hatte ich immer. Als \u00fcberzeugte Demokratin bin ich der Meinung, dass man sich nicht nur beschweren kann. Man muss auch Verantwortung \u00fcbernehmen. Unser System lebt davon, dass sich viele Leute einsetzen und engagieren. Auch wenn es manchmal zerm\u00fcrbend ist, liegt mir die Region am Herz. F\u00fcr mich gibt es keinen besseren Ort und damit es hier sch\u00f6n bleibt, gestalte ich lieber mit als kopfsch\u00fcttelnd Zeitung zu lesen (was trotzdem hin und wieder vorkommt).<\/p>\n<p><em>Zur Person: Felicitas Ziegler ist 25 Jahre alt und kommt aus S\u00f6del. Nach ihrem abgeschlossenen Studium in Gie\u00dfen absolvierte sie ihr Examen in der Altenpflege. Seit 2021 leitet sie zusammen mit ihrer Schwester das W\u00f6lfersheimer Seniorenzentrum. Im Juni dieses Jahr wurde sie zur Co-Vorsitzenden der Jusos Wetterau gew\u00e4hlt. Sie ist au\u00dferdem Beisitzerin im Vorstand der Jusos Hessen-S\u00fcd. Ihr liebstes Ehrenamt bleibt aber bei der Freiwilligen Feuerwehr S\u00f6del. Dar\u00fcber hinaus ist sie leidenschaftlicher Eishockey Fan.<\/p>\n<p>Was sind eigentlich die Jusos:<br \/>\nBei den Jusos handelt es sich um die Jugendorganisation der SPD. Alle Mitglieder der SPD, die j\u00fcnger als 35 Jahre sind, geh\u00f6ren ihr automatisch an. Auch externe Interessierte k\u00f6nnen sich gerne einbringen.<\/em><\/p>\n","protected":false},"excerpt":{"rendered":"<p>Ein Interview mit Felicitas Ziegler Warum engagiertest du dich \u00fcberregional? In unserem Kreis haben wir je nach Region bereits unterschiedliche Interessen. B\u00fcdingen hat andere Themen als Bad Vilbel. Nichts anderes ist es auf Hessen-Ebene. Wir im Wetteraukreis haben Probleme, die in Frankfurt kein Thema sind. Genauso aber auch umgekehrt. Bei den Schwerpunkten, die in der [&hellip;]<\/p>\n","protected":false},"author":6,"featured_media":1949,"comment_status":"closed","ping_status":"open","sticky":false,"template":"","format":"standard","meta":{"rop_custom_images_group":[],"rop_custom_messages_group":[],"rop_publish_now":"initial","rop_publish_now_accounts":[],"rop_publish_now_history":[],"rop_publish_now_status":"pending","footnotes":""},"categories":[1],"tags":[354,719,718],"class_list":["post-1934","post","type-post","status-publish","format-standard","has-post-thumbnail","hentry","category-allgemein","tag-neue","tag-wetterauer-juso-chefin","tag-woelfersheimerin"],"_links":{"self":[{"href":"http:\/\/spdwoelfersheim.de\/index.php?rest_route=\/wp\/v2\/posts\/1934","targetHints":{"allow":["GET"]}}],"collection":[{"href":"http:\/\/spdwoelfersheim.de\/index.php?rest_route=\/wp\/v2\/posts"}],"about":[{"href":"http:\/\/spdwoelfersheim.de\/index.php?rest_route=\/wp\/v2\/types\/post"}],"author":[{"embeddable":true,"href":"http:\/\/spdwoelfersheim.de\/index.php?rest_route=\/wp\/v2\/users\/6"}],"replies":[{"embeddable":true,"href":"http:\/\/spdwoelfersheim.de\/index.php?rest_route=%2Fwp%2Fv2%2Fcomments&post=1934"}],"version-history":[{"count":4,"href":"http:\/\/spdwoelfersheim.de\/index.php?rest_route=\/wp\/v2\/posts\/1934\/revisions"}],"predecessor-version":[{"id":1938,"href":"http:\/\/spdwoelfersheim.de\/index.php?rest_route=\/wp\/v2\/posts\/1934\/revisions\/1938"}],"wp:featuredmedia":[{"embeddable":true,"href":"http:\/\/spdwoelfersheim.de\/index.php?rest_route=\/wp\/v2\/media\/1949"}],"wp:attachment":[{"href":"http:\/\/spdwoelfersheim.de\/index.php?rest_route=%2Fwp%2Fv2%2Fmedia&parent=1934"}],"wp:term":[{"taxonomy":"category","embeddable":true,"href":"http:\/\/spdwoelfersheim.de\/index.php?rest_route=%2Fwp%2Fv2%2Fcategories&post=1934"},{"taxonomy":"post_tag","embeddable":true,"href":"http:\/\/spdwoelfersheim.de\/index.php?rest_route=%2Fwp%2Fv2%2Ftags&post=1934"}],"curies":[{"name":"wp","href":"https:\/\/api.w.org\/{rel}","templated":true}]}}