{"id":1939,"date":"2024-01-16T05:00:57","date_gmt":"2024-01-16T03:00:57","guid":{"rendered":"http:\/\/spdwoelfersheim.de\/?p=1939"},"modified":"2024-01-29T11:30:05","modified_gmt":"2024-01-29T09:30:05","slug":"spd-mittendrin","status":"publish","type":"post","link":"http:\/\/spdwoelfersheim.de\/?p=1939","title":{"rendered":"SPD \u2013 mittendrin"},"content":{"rendered":"<p><strong>\u00c4rztliche Versorgung soll sichergestellt werden<\/strong><\/p>\n<p>In regelm\u00e4\u00dfigen Abst\u00e4nden l\u00e4dt die W\u00f6lfersheimer SPD ihre Mitglieder zu Vor-Ort-Terminen in der Gemeinde ein. Unter dem Motto \u201eSPD mittendrin\u201c \u00fcberzeugt man sich von aktuellen Projekten oder informiert sich \u00fcber aktuell anstehende Themen in der Gemeindepolitik. Ein aktuell laufendes gro\u00dfes Bauprojekt ist das \u00c4rztehaus in S\u00f6del Vor einigen Tagen \u00fcberzeugten sich Parlamentarier und SPD-Mitglieder gemeinsam vor Ort vom Fortschritt der beiden Projekte. \u00dcber die Baustelle f\u00fchrte sie der W\u00f6lfersheimer B\u00fcrgermeister Eike See.<\/p>\n<p>Mit dem Bau des \u00c4rztehauses m\u00f6chte die Gemeinde die \u00e4rztliche Versorgung sicherstellen, denn diese ist gerade im l\u00e4ndlichen Raum keine Selbstverst\u00e4ndlichkeit. Das fertige Geb\u00e4ude wird zum Ende des Fr\u00fchjahrs 2024 bezugsbereit sein. Im Erdgeschoss wird dann Frau Dr. med. Julia Vereshchagina mit ihrem Team die barrierefreien Praxisr\u00e4ume beziehen. Sie hat vor zwei Jahren die Praxis von Dr. med. Thomas Schneider \u00fcbernommen. Die vorhandenen R\u00e4umlichkeiten im Grenzweg platzen aus allen N\u00e4hten. Aber nicht nur r\u00e4umlich, sondern auch in Bezug auf die Barrierefreiheit besteht Handlungsbedarf. Gerade f\u00fcr \u00e4ltere Patienten im Rollstuhl oder Rollator ist es schwer m\u00f6glich, in die bisherigen R\u00e4umlichkeiten zu gelangen. Um das Projekt zu erm\u00f6glichen, hat die Gemeinde mehrere Grundst\u00fccke im S\u00f6deler Ortskern erworben. Eine gro\u00dfe Scheune und ein Wohnhaus wurden abgerissen. Kurz darauf konnte bereits mit den Arbeiten begonnen werden. Auf dem Gel\u00e4nde sollen langfristig zwei Geb\u00e4ude entstehen. \u201eMit dem Projekt wird die \u00e4rztliche Versorgung in der Gemeinde gesichert. Wir schaffen aber auch bezahlbaren Wohnraum und werten den S\u00f6deler Ortskern auf. Wir waren bereits w\u00e4hrend der parlamentarischen Beratungen vom Konzept begeistert und die ersten Ergebnisse k\u00f6nnen sich sehen lassen,\u201c berichtet Gemeindevertreterin Magdalena Gerlach.<\/p>\n","protected":false},"excerpt":{"rendered":"<p>\u00c4rztliche Versorgung soll sichergestellt werden In regelm\u00e4\u00dfigen Abst\u00e4nden l\u00e4dt die W\u00f6lfersheimer SPD ihre Mitglieder zu Vor-Ort-Terminen in der Gemeinde ein. Unter dem Motto \u201eSPD mittendrin\u201c \u00fcberzeugt man sich von aktuellen Projekten oder informiert sich \u00fcber aktuell anstehende Themen in der Gemeindepolitik. Ein aktuell laufendes gro\u00dfes Bauprojekt ist das \u00c4rztehaus in S\u00f6del Vor einigen Tagen \u00fcberzeugten [&hellip;]<\/p>\n","protected":false},"author":6,"featured_media":1950,"comment_status":"closed","ping_status":"open","sticky":false,"template":"","format":"standard","meta":{"rop_custom_images_group":[],"rop_custom_messages_group":[],"rop_publish_now":"initial","rop_publish_now_accounts":[],"rop_publish_now_history":[],"rop_publish_now_status":"pending","footnotes":""},"categories":[1],"tags":[2,300,36],"class_list":["post-1939","post","type-post","status-publish","format-standard","has-post-thumbnail","hentry","category-allgemein","tag-bernd-heinisch","tag-mittendrin","tag-spd"],"_links":{"self":[{"href":"http:\/\/spdwoelfersheim.de\/index.php?rest_route=\/wp\/v2\/posts\/1939","targetHints":{"allow":["GET"]}}],"collection":[{"href":"http:\/\/spdwoelfersheim.de\/index.php?rest_route=\/wp\/v2\/posts"}],"about":[{"href":"http:\/\/spdwoelfersheim.de\/index.php?rest_route=\/wp\/v2\/types\/post"}],"author":[{"embeddable":true,"href":"http:\/\/spdwoelfersheim.de\/index.php?rest_route=\/wp\/v2\/users\/6"}],"replies":[{"embeddable":true,"href":"http:\/\/spdwoelfersheim.de\/index.php?rest_route=%2Fwp%2Fv2%2Fcomments&post=1939"}],"version-history":[{"count":1,"href":"http:\/\/spdwoelfersheim.de\/index.php?rest_route=\/wp\/v2\/posts\/1939\/revisions"}],"predecessor-version":[{"id":1940,"href":"http:\/\/spdwoelfersheim.de\/index.php?rest_route=\/wp\/v2\/posts\/1939\/revisions\/1940"}],"wp:featuredmedia":[{"embeddable":true,"href":"http:\/\/spdwoelfersheim.de\/index.php?rest_route=\/wp\/v2\/media\/1950"}],"wp:attachment":[{"href":"http:\/\/spdwoelfersheim.de\/index.php?rest_route=%2Fwp%2Fv2%2Fmedia&parent=1939"}],"wp:term":[{"taxonomy":"category","embeddable":true,"href":"http:\/\/spdwoelfersheim.de\/index.php?rest_route=%2Fwp%2Fv2%2Fcategories&post=1939"},{"taxonomy":"post_tag","embeddable":true,"href":"http:\/\/spdwoelfersheim.de\/index.php?rest_route=%2Fwp%2Fv2%2Ftags&post=1939"}],"curies":[{"name":"wp","href":"https:\/\/api.w.org\/{rel}","templated":true}]}}