{"id":1941,"date":"2024-01-26T05:00:04","date_gmt":"2024-01-26T03:00:04","guid":{"rendered":"http:\/\/spdwoelfersheim.de\/?p=1941"},"modified":"2024-01-29T11:30:05","modified_gmt":"2024-01-29T09:30:05","slug":"spd-mittendrin-2","status":"publish","type":"post","link":"http:\/\/spdwoelfersheim.de\/?p=1941","title":{"rendered":"SPD \u2013 mittendrin"},"content":{"rendered":"<p><strong>Neues Feuerwehrger\u00e4tehaus f\u00fcr Melbach und S\u00f6del<\/strong><\/p>\n<p>In regelm\u00e4\u00dfigen Abst\u00e4nden l\u00e4dt die W\u00f6lfersheimer SPD ihre Mitglieder zu Vor-Ort-Terminen in der Gemeinde ein. Unter dem Motto \u201eSPD mittendrin\u201c \u00fcberzeugt man sich von aktuellen Projekten oder informiert sich \u00fcber aktuell anstehende Themen in der Gemeindepolitik. Ein aktuell laufendes gro\u00dfes Bauprojekt ist das neue Feuerwehrger\u00e4tehaus f\u00fcr Melbach und S\u00f6del. Vor einigen Tagen \u00fcberzeugten sich Parlamentarier und SPD-Mitglieder gemeinsam vor Ort vom Fortschritt der beiden Projekte. \u00dcber die Baustelle f\u00fchrte sie der W\u00f6lfersheimer B\u00fcrgermeister Eike See.<\/p>\n<p>Feuerwehren aus Melbach und S\u00f6del haben sich dazu entschieden, k\u00fcnftig enger zusammenzuarbeiten und eine gemeinsame Einsatzabteilung zu bilden. Hierf\u00fcr entsteht am Kreisel zwischen Melbach und S\u00f6del ein neues Feuerwehrger\u00e4tehaus. Nach umfangreichen Planungen, in welche die Wehren eng eingebunden waren, konnte mit den Arbeiten begonnen werden. Vor kurzem konnte das Richtfest gefeiert werden. Neben der gro\u00dfen Fahrzeughalle f\u00fcr vier Fahrzeuge verf\u00fcgt das Geb\u00e4ude \u00fcber zahlreiche Funktionsr\u00e4ume. Im Obergeschoss findet man einen gro\u00dfen Schulungsraum, der auch f\u00fcr gesellige Stunden genutzt werden kann. \u201eDie B\u00fcrgerinnen und B\u00fcrger wissen, dass sie sich auf ihre Feuerwehr verlassen k\u00f6nnen. Doch daf\u00fcr braucht es auch die notwendige Ausstattung an Material und R\u00e4umlichkeiten. Als Gemeindevertreterinnen und Gemeindevertreter ist es eine Selbstverst\u00e4ndlichkeit, die Arbeit der Einsatzkr\u00e4fte bestm\u00f6glich zu unterst\u00fctzen,\u201c berichtet der Fraktionsvorsitzende der W\u00f6lfersheimer SPD Matthias Appel. Die Arbeiten am neuen Ger\u00e4tehaus sollen zum Ende des Jahres abgeschlossen sein.<\/p>\n","protected":false},"excerpt":{"rendered":"<p>Neues Feuerwehrger\u00e4tehaus f\u00fcr Melbach und S\u00f6del In regelm\u00e4\u00dfigen Abst\u00e4nden l\u00e4dt die W\u00f6lfersheimer SPD ihre Mitglieder zu Vor-Ort-Terminen in der Gemeinde ein. Unter dem Motto \u201eSPD mittendrin\u201c \u00fcberzeugt man sich von aktuellen Projekten oder informiert sich \u00fcber aktuell anstehende Themen in der Gemeindepolitik. Ein aktuell laufendes gro\u00dfes Bauprojekt ist das neue Feuerwehrger\u00e4tehaus f\u00fcr Melbach und S\u00f6del. [&hellip;]<\/p>\n","protected":false},"author":6,"featured_media":1951,"comment_status":"closed","ping_status":"open","sticky":false,"template":"","format":"standard","meta":{"rop_custom_images_group":[],"rop_custom_messages_group":[],"rop_publish_now":"initial","rop_publish_now_accounts":[],"rop_publish_now_history":[],"rop_publish_now_status":"pending","footnotes":""},"categories":[1],"tags":[2,300,36],"class_list":["post-1941","post","type-post","status-publish","format-standard","has-post-thumbnail","hentry","category-allgemein","tag-bernd-heinisch","tag-mittendrin","tag-spd"],"_links":{"self":[{"href":"http:\/\/spdwoelfersheim.de\/index.php?rest_route=\/wp\/v2\/posts\/1941","targetHints":{"allow":["GET"]}}],"collection":[{"href":"http:\/\/spdwoelfersheim.de\/index.php?rest_route=\/wp\/v2\/posts"}],"about":[{"href":"http:\/\/spdwoelfersheim.de\/index.php?rest_route=\/wp\/v2\/types\/post"}],"author":[{"embeddable":true,"href":"http:\/\/spdwoelfersheim.de\/index.php?rest_route=\/wp\/v2\/users\/6"}],"replies":[{"embeddable":true,"href":"http:\/\/spdwoelfersheim.de\/index.php?rest_route=%2Fwp%2Fv2%2Fcomments&post=1941"}],"version-history":[{"count":1,"href":"http:\/\/spdwoelfersheim.de\/index.php?rest_route=\/wp\/v2\/posts\/1941\/revisions"}],"predecessor-version":[{"id":1942,"href":"http:\/\/spdwoelfersheim.de\/index.php?rest_route=\/wp\/v2\/posts\/1941\/revisions\/1942"}],"wp:featuredmedia":[{"embeddable":true,"href":"http:\/\/spdwoelfersheim.de\/index.php?rest_route=\/wp\/v2\/media\/1951"}],"wp:attachment":[{"href":"http:\/\/spdwoelfersheim.de\/index.php?rest_route=%2Fwp%2Fv2%2Fmedia&parent=1941"}],"wp:term":[{"taxonomy":"category","embeddable":true,"href":"http:\/\/spdwoelfersheim.de\/index.php?rest_route=%2Fwp%2Fv2%2Fcategories&post=1941"},{"taxonomy":"post_tag","embeddable":true,"href":"http:\/\/spdwoelfersheim.de\/index.php?rest_route=%2Fwp%2Fv2%2Ftags&post=1941"}],"curies":[{"name":"wp","href":"https:\/\/api.w.org\/{rel}","templated":true}]}}