{"id":1943,"date":"2024-02-02T05:00:54","date_gmt":"2024-02-02T03:00:54","guid":{"rendered":"http:\/\/spdwoelfersheim.de\/?p=1943"},"modified":"2024-01-29T11:30:05","modified_gmt":"2024-01-29T09:30:05","slug":"woelfersheimer-spd-setzt-sich-fuer-mehr-mobilitaet-ein","status":"publish","type":"post","link":"http:\/\/spdwoelfersheim.de\/?p=1943","title":{"rendered":"W\u00f6lfersheimer SPD setzt sich f\u00fcr mehr Mobilit\u00e4t ein"},"content":{"rendered":"<p><strong>Car-Sharing &#8211; individuell, unabh\u00e4ngig, aber doch anders<\/strong><\/p>\n<p>In der letzten Sitzung der W\u00f6lfersheimer Gemeindevertretung wurde dank den Stimmen der stabilen SPD-Mehrheit ein Antrag zum Thema Carsharing beschlossen. Mit diesem zus\u00e4tzlichen Angebot soll die Mobilit\u00e4t verbessert und die B\u00fcrgerinnen und B\u00fcrger finanziell entlastet werden. Die beiden Gemeindevertreter Stefan Bodem und Nina Gerlach berichten warum Carsharing sinnvoll ist und welche Vorteile es bietet.<\/p>\n<p>F\u00fcr viele unserer Lebensbereiche wie beispielsweise Wohnen, Arbeiten, Bildung und Erholung sind oft r\u00e4umlich voneinander getrennt. Da ein Mensch nicht an mehreren Orten gleichzeitig sein kann, muss er die Distanzen dazwischen \u00fcberwinden. Mobilit\u00e4t entsteht aber nicht nur aus dem Zwang, unsere Lebensbereiche miteinander zu verbinden, sondern sie ist oft auch ein inneres Bed\u00fcrfnis oder Ausdruck des Lebensstils. Wie wir uns bewegen, tr\u00e4gt entscheidend zum Klimaschutz bei! Unsere Heimatgemeinde W\u00f6lfersheim mit seinen f\u00fcnf Ortsteilen ist ein wunderbarer Ort zum Wohnen. Doch nicht f\u00fcr alle Einwohner gibt es vor Ort auch Arbeit. Die meisten Einwohner pendeln daher in die umliegende Region oder sogar bis nach Gie\u00dfen und Frankfurt. Das bedeutet viel Verkehr. Leider ist dieser Verkehr im l\u00e4ndlichen Umfeld W\u00f6lfersheims stark von der individuellen PKW-Nutzung gepr\u00e4gt. In Gro\u00dfst\u00e4dten kann fast immer auf das eigene Auto verzichtet werden. Der Ausbau des \u00d6PNV mit zus\u00e4tzlichen Mobilit\u00e4tsangeboten ist mehr als ausreichend. Doch im l\u00e4ndlichen Raum ist das Angebot alternativer Mobilit\u00e4t zumeist eingeschr\u00e4nkt. Oft passen hier entweder die Strecken oder die Bef\u00f6rderungszeiten nicht mit den Lebensumst\u00e4nden zusammen. Um die Mobilit\u00e4t auch bei eingeschr\u00e4nktem \u00d6PNV-Angebot im l\u00e4ndlichen Raum nachhaltig zu gestalten, bietet Carsharing eine hervorragende Alternative. W\u00e4hrend die geteilte Nutzung von zumeist geliehenen Fahrzeugen nichts Neues ist, wird die organisierte, gemeinschaftlich Nutzung von Kraftfahrzeugen im Rahmen des Carsharings immer beliebter.<br \/>\nCarsharing-Fahrzeuge werden entsprechend der Verteilung der Nutzer, dezentral, nah an Wohn- und Arbeitsorten sowie \u00d6PNV-Stationen zur Verf\u00fcgung gestellt. \u201eDie Fahrzeuge k\u00f6nnen jederzeit gebucht und von den Kunden eigenst\u00e4ndig abgeholt und zur\u00fcckgegeben werden. Fahrzeugbuchung, -abholung und -r\u00fcckgabe ist rund um die Uhr &#8211; zumeist online &#8211; m\u00f6glich. Das kommerzielle, anbieterbasierte Carsharing ist vornehmlich in urbanen R\u00e4umen verbreitet. Da es in W\u00f6lfersheim noch keinen kommerziellen Carsharing-Anbieter gibt, hat die W\u00f6lfersheimer SPD einen entsprechenden Antrag in der letzten Sitzung der Gemeindevertretung gestellt und diesen beschlossen,\u201c berichten Bodem und Gerlach abschlie\u00dfend.<\/p>\n","protected":false},"excerpt":{"rendered":"<p>Car-Sharing &#8211; individuell, unabh\u00e4ngig, aber doch anders In der letzten Sitzung der W\u00f6lfersheimer Gemeindevertretung wurde dank den Stimmen der stabilen SPD-Mehrheit ein Antrag zum Thema Carsharing beschlossen. Mit diesem zus\u00e4tzlichen Angebot soll die Mobilit\u00e4t verbessert und die B\u00fcrgerinnen und B\u00fcrger finanziell entlastet werden. Die beiden Gemeindevertreter Stefan Bodem und Nina Gerlach berichten warum Carsharing sinnvoll [&hellip;]<\/p>\n","protected":false},"author":6,"featured_media":1952,"comment_status":"closed","ping_status":"open","sticky":false,"template":"","format":"standard","meta":{"rop_custom_images_group":[],"rop_custom_messages_group":[],"rop_publish_now":"initial","rop_publish_now_accounts":[],"rop_publish_now_history":[],"rop_publish_now_status":"pending","footnotes":""},"categories":[1],"tags":[400,416,566,36,254],"class_list":["post-1943","post","type-post","status-publish","format-standard","has-post-thumbnail","hentry","category-allgemein","tag-mehr","tag-mobilitaet","tag-setzt","tag-spd","tag-woelfersheimer"],"_links":{"self":[{"href":"http:\/\/spdwoelfersheim.de\/index.php?rest_route=\/wp\/v2\/posts\/1943","targetHints":{"allow":["GET"]}}],"collection":[{"href":"http:\/\/spdwoelfersheim.de\/index.php?rest_route=\/wp\/v2\/posts"}],"about":[{"href":"http:\/\/spdwoelfersheim.de\/index.php?rest_route=\/wp\/v2\/types\/post"}],"author":[{"embeddable":true,"href":"http:\/\/spdwoelfersheim.de\/index.php?rest_route=\/wp\/v2\/users\/6"}],"replies":[{"embeddable":true,"href":"http:\/\/spdwoelfersheim.de\/index.php?rest_route=%2Fwp%2Fv2%2Fcomments&post=1943"}],"version-history":[{"count":1,"href":"http:\/\/spdwoelfersheim.de\/index.php?rest_route=\/wp\/v2\/posts\/1943\/revisions"}],"predecessor-version":[{"id":1944,"href":"http:\/\/spdwoelfersheim.de\/index.php?rest_route=\/wp\/v2\/posts\/1943\/revisions\/1944"}],"wp:featuredmedia":[{"embeddable":true,"href":"http:\/\/spdwoelfersheim.de\/index.php?rest_route=\/wp\/v2\/media\/1952"}],"wp:attachment":[{"href":"http:\/\/spdwoelfersheim.de\/index.php?rest_route=%2Fwp%2Fv2%2Fmedia&parent=1943"}],"wp:term":[{"taxonomy":"category","embeddable":true,"href":"http:\/\/spdwoelfersheim.de\/index.php?rest_route=%2Fwp%2Fv2%2Fcategories&post=1943"},{"taxonomy":"post_tag","embeddable":true,"href":"http:\/\/spdwoelfersheim.de\/index.php?rest_route=%2Fwp%2Fv2%2Ftags&post=1943"}],"curies":[{"name":"wp","href":"https:\/\/api.w.org\/{rel}","templated":true}]}}