{"id":2053,"date":"2024-03-04T17:13:17","date_gmt":"2024-03-04T15:13:17","guid":{"rendered":"http:\/\/spdwoelfersheim.de\/?p=2053"},"modified":"2025-01-27T10:26:23","modified_gmt":"2025-01-27T08:26:23","slug":"wir-wollen-unseren-ort-weiter-voranbringen","status":"publish","type":"post","link":"http:\/\/spdwoelfersheim.de\/?p=2053","title":{"rendered":"Wir wollen unseren Ort weiter voranbringen"},"content":{"rendered":"<p><strong>W\u00f6lfersheimer SPD ber\u00e4t wichtige Themen auf Klausurtagung.<\/strong><\/p>\n<p>Am Anfang eines jeden Jahres kommt die W\u00f6lfersheimer SPD-Fraktion zu ihrer Klausurtagung zusammen. Ziel dieser Tagung ist es wichtige Themen in Ruhe und ohne Zeitdruck offen zu diskutieren. Die diesj\u00e4hrige Klausurtagung fand in der Wonbacher Gastst\u00e4tte Zur Linde statt und erstreckte sich \u00fcber mehr als sechs Stunden. \u201eIch bin sehr froh dar\u00fcber, dass wir auch in diesem Jahr wieder mit so vielen Mitgliedern unserer Fraktion eine erfolgreiche Tagung abhalten konnten\u201c, freut sich der stellvertretende Fraktionsvorsitzende Andreas Bommersheim. Themen wie Unternehmensansiedlungen und die Personelle Aufstellung der Fraktion wurden genauso beraten wie das Thema erneuerbare Energien in Bezug auf Windkraft und Photovoltaik. \u201eF\u00fcr uns als st\u00e4rkste Fraktion in der W\u00f6lfersheimer Gemeindevertretung ist es wichtig sich mit allen Gegebenheiten auseinander zu setzten. Wir nehmen das an uns \u00fcbertragene Vertrauen der B\u00fcrgerinnen und B\u00fcrger sehr ernst, daher ist es uns wichtig sich nicht nur vor Sitzungen der Gemeindevertretung oder deren Aussch\u00fcsse zu besprechen, sondern auch au\u00dferhalb des Gremienlaufes Entscheidungen f\u00fcr unsere sch\u00f6ne Gemeinde intensiv abzuw\u00e4gen\u201c, berichte der Fraktionsvorsitzende Matthias Appel abschlie\u00dfend.<\/p>\n","protected":false},"excerpt":{"rendered":"<p>W\u00f6lfersheimer SPD ber\u00e4t wichtige Themen auf Klausurtagung. Am Anfang eines jeden Jahres kommt die W\u00f6lfersheimer SPD-Fraktion zu ihrer Klausurtagung zusammen. Ziel dieser Tagung ist es wichtige Themen in Ruhe und ohne Zeitdruck offen zu diskutieren. Die diesj\u00e4hrige Klausurtagung fand in der Wonbacher Gastst\u00e4tte Zur Linde statt und erstreckte sich \u00fcber mehr als sechs Stunden. \u201eIch [&hellip;]<\/p>\n","protected":false},"author":6,"featured_media":2054,"comment_status":"closed","ping_status":"open","sticky":false,"template":"","format":"standard","meta":{"rop_custom_images_group":[],"rop_custom_messages_group":[],"rop_publish_now":"initial","rop_publish_now_accounts":[],"rop_publish_now_history":[],"rop_publish_now_status":"pending","footnotes":""},"categories":[1],"tags":[663,444,727,728],"class_list":["post-2053","post","type-post","status-publish","format-standard","has-post-thumbnail","hentry","category-allgemein","tag-ort","tag-unseren","tag-voranbringen","tag-weiter"],"_links":{"self":[{"href":"http:\/\/spdwoelfersheim.de\/index.php?rest_route=\/wp\/v2\/posts\/2053","targetHints":{"allow":["GET"]}}],"collection":[{"href":"http:\/\/spdwoelfersheim.de\/index.php?rest_route=\/wp\/v2\/posts"}],"about":[{"href":"http:\/\/spdwoelfersheim.de\/index.php?rest_route=\/wp\/v2\/types\/post"}],"author":[{"embeddable":true,"href":"http:\/\/spdwoelfersheim.de\/index.php?rest_route=\/wp\/v2\/users\/6"}],"replies":[{"embeddable":true,"href":"http:\/\/spdwoelfersheim.de\/index.php?rest_route=%2Fwp%2Fv2%2Fcomments&post=2053"}],"version-history":[{"count":2,"href":"http:\/\/spdwoelfersheim.de\/index.php?rest_route=\/wp\/v2\/posts\/2053\/revisions"}],"predecessor-version":[{"id":2056,"href":"http:\/\/spdwoelfersheim.de\/index.php?rest_route=\/wp\/v2\/posts\/2053\/revisions\/2056"}],"wp:featuredmedia":[{"embeddable":true,"href":"http:\/\/spdwoelfersheim.de\/index.php?rest_route=\/wp\/v2\/media\/2054"}],"wp:attachment":[{"href":"http:\/\/spdwoelfersheim.de\/index.php?rest_route=%2Fwp%2Fv2%2Fmedia&parent=2053"}],"wp:term":[{"taxonomy":"category","embeddable":true,"href":"http:\/\/spdwoelfersheim.de\/index.php?rest_route=%2Fwp%2Fv2%2Fcategories&post=2053"},{"taxonomy":"post_tag","embeddable":true,"href":"http:\/\/spdwoelfersheim.de\/index.php?rest_route=%2Fwp%2Fv2%2Ftags&post=2053"}],"curies":[{"name":"wp","href":"https:\/\/api.w.org\/{rel}","templated":true}]}}