{"id":2066,"date":"2024-11-02T16:23:12","date_gmt":"2024-11-02T14:23:12","guid":{"rendered":"http:\/\/spdwoelfersheim.de\/?p=2066"},"modified":"2025-01-27T10:26:23","modified_gmt":"2025-01-27T08:26:23","slug":"adventsmarkt-in-soedel-die-vorbereitungen-haben-begonnen","status":"publish","type":"post","link":"http:\/\/spdwoelfersheim.de\/?p=2066","title":{"rendered":"Adventsmarkt in S\u00f6del \u2013 Die Vorbereitungen haben begonnen"},"content":{"rendered":"<p>Gestern Abend fand im S\u00f6deler Feuerwehrhaus das erste Treffen zum Adventsmarkt 2024 statt. Nach einem R\u00fcckblick auf die vergangenen Jahre durch den Vorsitzenden des S\u00f6deler Feuerwehrvereins Sven G\u00fcnther wurden die wichtigsten Punkte f\u00fcr den anstehenden Markt besprochen. Der Adventsmarkt wird am Samstag den 30.11.2024 um 14.00 Uhr von Frau Pfarrerin Andrea Kr\u00fcgler, B\u00fcrgermeister Eike See und Sven G\u00fcnther offiziell er\u00f6ffnet. Organisiert wird der Adventsmarkt durch die S\u00f6deler SPD mit tatkr\u00e4ftiger Unterst\u00fctzung der ortsans\u00e4ssigen Feuerwehr.<\/p>\n<p>\u201eWir freuen uns, dass der Adventsmarkt von Jahr zu Jahr gr\u00f6\u00dfer wird und wir am 30.11. gleich f\u00fcnfzehn St\u00e4nde auf dem Kirchplatz unseren Besucherinnen und Besuchern bieten k\u00f6nnen\u201c, berichtet der Vorsitzende der S\u00f6deler SPD Michael Schmidt. Das erkl\u00e4rte Ziel aller Beteiligten ist es, ein breites Angebot an kulinarischen Speisen und Getr\u00e4nken aber auch an Dekorationsartikeln und selbst hergestellten Produkten rund um die Weihnachtszeit pr\u00e4sentieren zu k\u00f6nnen. Dar\u00fcber hinaus ist es allen Teilnehmern wichtig, ein besonderes weihnachtliches Ambiente auszustrahlen. Warmer Hessen-Caipi, Altbierbowle, Calvados mit Mispelchen, gezapften bayrisches Bier, klassischer Gl\u00fchwein, Kinderpunsch und Lumumba sind nur eine kleine Auswahl an Getr\u00e4nken. Beim Essen sieht es \u00e4hnlich aus. Ger\u00e4ucherte Forelle, Langosch, Knobibaquette, Cr\u00eapes, die legend\u00e4ren Flammburger der Feuerwehr und vieles mehr werden dieses Jahr angeboten.<\/p>\n<p>Der Adventsmarkt lebt von den vielen Ausstellern und den unterschiedlichen Angeboten. Daher freuen sich die Organisatoren, dass dieses Jahr gleich zwei zus\u00e4tzliche St\u00e4nde im Vergleich zum letzten Jahr selbst hergestellte Produkte verkaufen. Es wird auch wieder ein Stall mit Tieren unter dem gro\u00dfen Baum mitten auf dem Kirchplatz stehen. \u201eBeim Adventsmarkt ziehen alle an einem Strang. Egal ob es die Kirche, der Kindergarten, die Feuerwehr, Privatpersonen, die SPD oder die Vereine sind. Wir alle wollen unseren G\u00e4sten ein paar sch\u00f6ne Stunden auf dem Kirchplatz bieten und mit dem Markt die Adventszeit einl\u00e4uten\u201c, sind sich G\u00fcnther und Schmidt abschlie\u00dfend einig.<\/p>\n","protected":false},"excerpt":{"rendered":"<p>Gestern Abend fand im S\u00f6deler Feuerwehrhaus das erste Treffen zum Adventsmarkt 2024 statt. Nach einem R\u00fcckblick auf die vergangenen Jahre durch den Vorsitzenden des S\u00f6deler Feuerwehrvereins Sven G\u00fcnther wurden die wichtigsten Punkte f\u00fcr den anstehenden Markt besprochen. Der Adventsmarkt wird am Samstag den 30.11.2024 um 14.00 Uhr von Frau Pfarrerin Andrea Kr\u00fcgler, B\u00fcrgermeister Eike See [&hellip;]<\/p>\n","protected":false},"author":6,"featured_media":2067,"comment_status":"closed","ping_status":"open","sticky":false,"template":"","format":"standard","meta":{"rop_custom_images_group":[],"rop_custom_messages_group":[],"rop_publish_now":"initial","rop_publish_now_accounts":[],"rop_publish_now_history":[],"rop_publish_now_status":"pending","footnotes":""},"categories":[1],"tags":[173,729,2,731,74,730],"class_list":["post-2066","post","type-post","status-publish","format-standard","has-post-thumbnail","hentry","category-allgemein","tag-adventsmarkt","tag-begonnen","tag-bernd-heinisch","tag-haben","tag-soedel","tag-vorbereitungen"],"_links":{"self":[{"href":"http:\/\/spdwoelfersheim.de\/index.php?rest_route=\/wp\/v2\/posts\/2066","targetHints":{"allow":["GET"]}}],"collection":[{"href":"http:\/\/spdwoelfersheim.de\/index.php?rest_route=\/wp\/v2\/posts"}],"about":[{"href":"http:\/\/spdwoelfersheim.de\/index.php?rest_route=\/wp\/v2\/types\/post"}],"author":[{"embeddable":true,"href":"http:\/\/spdwoelfersheim.de\/index.php?rest_route=\/wp\/v2\/users\/6"}],"replies":[{"embeddable":true,"href":"http:\/\/spdwoelfersheim.de\/index.php?rest_route=%2Fwp%2Fv2%2Fcomments&post=2066"}],"version-history":[{"count":1,"href":"http:\/\/spdwoelfersheim.de\/index.php?rest_route=\/wp\/v2\/posts\/2066\/revisions"}],"predecessor-version":[{"id":2068,"href":"http:\/\/spdwoelfersheim.de\/index.php?rest_route=\/wp\/v2\/posts\/2066\/revisions\/2068"}],"wp:featuredmedia":[{"embeddable":true,"href":"http:\/\/spdwoelfersheim.de\/index.php?rest_route=\/wp\/v2\/media\/2067"}],"wp:attachment":[{"href":"http:\/\/spdwoelfersheim.de\/index.php?rest_route=%2Fwp%2Fv2%2Fmedia&parent=2066"}],"wp:term":[{"taxonomy":"category","embeddable":true,"href":"http:\/\/spdwoelfersheim.de\/index.php?rest_route=%2Fwp%2Fv2%2Fcategories&post=2066"},{"taxonomy":"post_tag","embeddable":true,"href":"http:\/\/spdwoelfersheim.de\/index.php?rest_route=%2Fwp%2Fv2%2Ftags&post=2066"}],"curies":[{"name":"wp","href":"https:\/\/api.w.org\/{rel}","templated":true}]}}