{"id":2075,"date":"2025-01-02T10:56:49","date_gmt":"2025-01-02T08:56:49","guid":{"rendered":"http:\/\/spdwoelfersheim.de\/?p=2075"},"modified":"2025-01-27T10:26:23","modified_gmt":"2025-01-27T08:26:23","slug":"adventsmarkt-auf-dem-soedeler-kirchplatz","status":"publish","type":"post","link":"http:\/\/spdwoelfersheim.de\/?p=2075","title":{"rendered":"Adventsmarkt auf dem S\u00f6deler Kirchplatz"},"content":{"rendered":"<p>Wir bedanken uns bei allen Besuchern des Adventsmarktes auf dem S\u00f6deler Kirchplatz<br \/>\nWir hoffen, Sie hatten ein paar sch\u00f6ne Stunden und konnten die Zeit genie\u00dfen.<\/p>\n<p>&nbsp;<\/p>\n<p>&nbsp;<\/p>\n<p><img loading=\"lazy\" decoding=\"async\" class=\"aligncenter size-large wp-image-2076\" src=\"http:\/\/spdwoelfersheim.de\/wp-content\/uploads\/2025\/01\/2024-12-Bild-Adventsmarkt-Soedel-1024x768.jpg\" alt=\"\" width=\"648\" height=\"486\" srcset=\"http:\/\/spdwoelfersheim.de\/wp-content\/uploads\/2025\/01\/2024-12-Bild-Adventsmarkt-Soedel-1024x768.jpg 1024w, http:\/\/spdwoelfersheim.de\/wp-content\/uploads\/2025\/01\/2024-12-Bild-Adventsmarkt-Soedel-300x225.jpg 300w, http:\/\/spdwoelfersheim.de\/wp-content\/uploads\/2025\/01\/2024-12-Bild-Adventsmarkt-Soedel-768x576.jpg 768w, http:\/\/spdwoelfersheim.de\/wp-content\/uploads\/2025\/01\/2024-12-Bild-Adventsmarkt-Soedel.jpg 1280w\" sizes=\"auto, (max-width: 648px) 100vw, 648px\" \/><\/p>\n","protected":false},"excerpt":{"rendered":"<p>Wir bedanken uns bei allen Besuchern des Adventsmarktes auf dem S\u00f6deler Kirchplatz Wir hoffen, Sie hatten ein paar sch\u00f6ne Stunden und konnten die Zeit genie\u00dfen. &nbsp; &nbsp;<\/p>\n","protected":false},"author":6,"featured_media":2076,"comment_status":"closed","ping_status":"open","sticky":false,"template":"","format":"standard","meta":{"rop_custom_images_group":[],"rop_custom_messages_group":[],"rop_publish_now":"initial","rop_publish_now_accounts":[],"rop_publish_now_history":[],"rop_publish_now_status":"pending","footnotes":""},"categories":[1],"tags":[173,77,288],"class_list":["post-2075","post","type-post","status-publish","format-standard","has-post-thumbnail","hentry","category-allgemein","tag-adventsmarkt","tag-kirchplatz","tag-soedeler"],"_links":{"self":[{"href":"http:\/\/spdwoelfersheim.de\/index.php?rest_route=\/wp\/v2\/posts\/2075","targetHints":{"allow":["GET"]}}],"collection":[{"href":"http:\/\/spdwoelfersheim.de\/index.php?rest_route=\/wp\/v2\/posts"}],"about":[{"href":"http:\/\/spdwoelfersheim.de\/index.php?rest_route=\/wp\/v2\/types\/post"}],"author":[{"embeddable":true,"href":"http:\/\/spdwoelfersheim.de\/index.php?rest_route=\/wp\/v2\/users\/6"}],"replies":[{"embeddable":true,"href":"http:\/\/spdwoelfersheim.de\/index.php?rest_route=%2Fwp%2Fv2%2Fcomments&post=2075"}],"version-history":[{"count":2,"href":"http:\/\/spdwoelfersheim.de\/index.php?rest_route=\/wp\/v2\/posts\/2075\/revisions"}],"predecessor-version":[{"id":2086,"href":"http:\/\/spdwoelfersheim.de\/index.php?rest_route=\/wp\/v2\/posts\/2075\/revisions\/2086"}],"wp:featuredmedia":[{"embeddable":true,"href":"http:\/\/spdwoelfersheim.de\/index.php?rest_route=\/wp\/v2\/media\/2076"}],"wp:attachment":[{"href":"http:\/\/spdwoelfersheim.de\/index.php?rest_route=%2Fwp%2Fv2%2Fmedia&parent=2075"}],"wp:term":[{"taxonomy":"category","embeddable":true,"href":"http:\/\/spdwoelfersheim.de\/index.php?rest_route=%2Fwp%2Fv2%2Fcategories&post=2075"},{"taxonomy":"post_tag","embeddable":true,"href":"http:\/\/spdwoelfersheim.de\/index.php?rest_route=%2Fwp%2Fv2%2Ftags&post=2075"}],"curies":[{"name":"wp","href":"https:\/\/api.w.org\/{rel}","templated":true}]}}