{"id":2082,"date":"2024-12-29T10:59:51","date_gmt":"2024-12-29T08:59:51","guid":{"rendered":"http:\/\/spdwoelfersheim.de\/?p=2082"},"modified":"2025-01-27T10:26:23","modified_gmt":"2025-01-27T08:26:23","slug":"ein-rueckblick-auf-die-halbjahresmitgliederversammlung-2024","status":"publish","type":"post","link":"http:\/\/spdwoelfersheim.de\/?p=2082","title":{"rendered":"Ein R\u00fcckblick auf die Halbjahresmitgliederversammlung 2024"},"content":{"rendered":"<p>Es hat eine sch\u00f6ne Tradition, dass sich die Mitglieder des SPD-Ortsvereins im Rahmen der zweiten Mitgliederversammlung des Jahres zu einem Fr\u00fchst\u00fcck in der Marktscheune treffen. Das gemeinsame Gespr\u00e4ch in lockerer Atmosph\u00e4re genie\u00dfen zu d\u00fcrfen zeichnet das Miteinander aus. Mit beeindruckenden Informationen und einem kurzweiligen R\u00fcckblick auf die vergangenen, arbeitsreichen Monate, hie\u00df der Ortsvereinsvorsitzende Gerhard Weber die Mitglieder willkommen. So z\u00e4hlt der SPD-Ortsverein mit 158 Mitgliedern bereits seit langem zu den st\u00e4rksten in der Wetterau. Diese St\u00e4rke spiegelte sich auch in der Teilnahme der SPD an der W\u00f6lfersheimer Kundgebung gegen Rechts wider, erinnerte Weber beispielhaft. Es sei eben Verlass auf die SPD in der Gemeinde. Selbstverst\u00e4ndlich komme auch das Gesellige nicht zu kurz und im weiteren R\u00fcckblick auf das Vereinsjahr durfte der gemeinsame Ausflug nicht unerw\u00e4hnt bleiben. Doch nicht nur f\u00fcr seine Vereinsmitglieder ist die SPD in der Gemeinde W\u00f6lfersheim Ansprechpartner. Im Vordergrund stehe vor allem die gemeinsame Arbeit f\u00fcr die B\u00fcrger. Vom geselligen Miteinander wie zuletzt beim SPD-Europafest bis zur Arbeit in der Fraktion, die die Interessen der B\u00fcrger im Gemeindeplenum vertritt. Gerade dort werde sich aktuell intensiv auf die kommende Haushaltsberatung f\u00fcr die Jahre 2025 und 2026 vorbereitet. Man k\u00f6nne sich darauf verlassen, dass die SPD-Fraktion, die in sie gesetzten Erwartungen wie gewohnt erf\u00fclle und zum Wohle der B\u00fcrger ihre Entscheidungen treffe. Dabei sei nicht nur die nach Zahlen stabile SPD-Mehrheit f\u00fcr die positiven Ergebnisse und die Zusammenarbeit mit B\u00fcrgermeister Eike See verantwortlich. Gerade der Altersmix, der von langj\u00e4hriger Erfahrung und jungen Ideen profitiert, trage zur hervorragenden Arbeit f\u00fcr W\u00f6lfersheim bei. In ihren Reihen begr\u00fc\u00dfen konnte die Mitgliederversammlung weitere G\u00e4ste wie den ehemaligen W\u00f6lfersheimer SPDB\u00fcrgermeister Rouven K\u00f6tter sowie die SPD-Landtagsabgeordnete sowie Unterbezirksvorsitzende Lisa Gnadl. Eine besondere Aufmerksamkeit erhielten, die in diesem Jahr f\u00fcr Ihre langj\u00e4hrige Vereinszugeh\u00f6rigkeit zu ehrenden Mitglieder: Geehrt wurden f\u00fcr 25 Jahre Liselotte G\u00fcnther, f\u00fcr 40 Jahre Christa Bode, Michael Debes, Christel Fuchs, Rainer Gotthardt, f\u00fcr 60 Jahre Dr. J\u00fcrgen Polster und f\u00fcr 65 Jahre Otto Lachmann. Alle Jubilare erhielten als Anerkennung eine Urkunde, verlesen und \u00fcberreicht durch die Landtagsabgeordnete Lisa Gnadl. Als weitere Aufmerksamkeit \u00fcberreichten die Vereinsvorsitzenden Gerhard Weber und Michael Schmidt ein Buchpr\u00e4sent.<\/p>\n","protected":false},"excerpt":{"rendered":"<p>Es hat eine sch\u00f6ne Tradition, dass sich die Mitglieder des SPD-Ortsvereins im Rahmen der zweiten Mitgliederversammlung des Jahres zu einem Fr\u00fchst\u00fcck in der Marktscheune treffen. Das gemeinsame Gespr\u00e4ch in lockerer Atmosph\u00e4re genie\u00dfen zu d\u00fcrfen zeichnet das Miteinander aus. Mit beeindruckenden Informationen und einem kurzweiligen R\u00fcckblick auf die vergangenen, arbeitsreichen Monate, hie\u00df der Ortsvereinsvorsitzende Gerhard Weber [&hellip;]<\/p>\n","protected":false},"author":6,"featured_media":2085,"comment_status":"closed","ping_status":"open","sticky":false,"template":"","format":"standard","meta":{"rop_custom_images_group":[],"rop_custom_messages_group":[],"rop_publish_now":"initial","rop_publish_now_accounts":[],"rop_publish_now_history":[],"rop_publish_now_status":"pending","footnotes":""},"categories":[1],"tags":[735,163,736],"class_list":["post-2082","post","type-post","status-publish","format-standard","has-post-thumbnail","hentry","category-allgemein","tag-735","tag-halbjahresmitgliederversammlung","tag-rueckblick"],"_links":{"self":[{"href":"http:\/\/spdwoelfersheim.de\/index.php?rest_route=\/wp\/v2\/posts\/2082","targetHints":{"allow":["GET"]}}],"collection":[{"href":"http:\/\/spdwoelfersheim.de\/index.php?rest_route=\/wp\/v2\/posts"}],"about":[{"href":"http:\/\/spdwoelfersheim.de\/index.php?rest_route=\/wp\/v2\/types\/post"}],"author":[{"embeddable":true,"href":"http:\/\/spdwoelfersheim.de\/index.php?rest_route=\/wp\/v2\/users\/6"}],"replies":[{"embeddable":true,"href":"http:\/\/spdwoelfersheim.de\/index.php?rest_route=%2Fwp%2Fv2%2Fcomments&post=2082"}],"version-history":[{"count":1,"href":"http:\/\/spdwoelfersheim.de\/index.php?rest_route=\/wp\/v2\/posts\/2082\/revisions"}],"predecessor-version":[{"id":2084,"href":"http:\/\/spdwoelfersheim.de\/index.php?rest_route=\/wp\/v2\/posts\/2082\/revisions\/2084"}],"wp:featuredmedia":[{"embeddable":true,"href":"http:\/\/spdwoelfersheim.de\/index.php?rest_route=\/wp\/v2\/media\/2085"}],"wp:attachment":[{"href":"http:\/\/spdwoelfersheim.de\/index.php?rest_route=%2Fwp%2Fv2%2Fmedia&parent=2082"}],"wp:term":[{"taxonomy":"category","embeddable":true,"href":"http:\/\/spdwoelfersheim.de\/index.php?rest_route=%2Fwp%2Fv2%2Fcategories&post=2082"},{"taxonomy":"post_tag","embeddable":true,"href":"http:\/\/spdwoelfersheim.de\/index.php?rest_route=%2Fwp%2Fv2%2Ftags&post=2082"}],"curies":[{"name":"wp","href":"https:\/\/api.w.org\/{rel}","templated":true}]}}