{"id":2115,"date":"2025-01-17T11:17:42","date_gmt":"2025-01-17T09:17:42","guid":{"rendered":"http:\/\/spdwoelfersheim.de\/?p=2115"},"modified":"2025-01-27T10:26:23","modified_gmt":"2025-01-27T08:26:23","slug":"spd-antrag-erfolgreich-umgesetzt-woelfersheim-hat-wieder-eine-gemeindepflegerin","status":"publish","type":"post","link":"http:\/\/spdwoelfersheim.de\/?p=2115","title":{"rendered":"SPD-Antrag erfolgreich umgesetzt: W\u00f6lfersheim hat wieder eine Gemeindepflegerin"},"content":{"rendered":"<p>Viele \u00e4ltere Menschen sind im Alltag auf Unterst\u00fctzung angewiesen, die oft \u00fcber die pflegerische Betreuung hinausgeht. Die Gemeindevertretung hat daher im vergangenen Jahr auf Antrag der SPD beschlossen, einen F\u00f6rderantrag f\u00fcr eine Vollzeitstelle f\u00fcr eine Gemeindepflegerin beim Land Hessen zu stellen.<\/p>\n<p>Die F\u00f6rderung wurde bewilligt und am 02. Dezember konnte die neue Gemeindepflegerin Frau Sch\u00e4fer ihren Dienst antreten. \u201eEs hat sich in den letzten Jahren gezeigt, dass das Prinzip der Gemeindepflegerinnen und -pfleger in verschiedenen anderen St\u00e4dten und Gemeinden gut funktioniert. Es freut mich daher sehr, dass wir eine F\u00f6rderzusage erhalten haben und die Einstellung so reibungslos geklappt hat. \u201eDamit werden vorhandene Angebote sinnvoll erg\u00e4nzt,\u201c zeigt sich die Vorsitzende des W\u00f6lfersheimer Sozialausschusses Magda Gerlach begeistert. Gemeindepflegerinnen und -pfleger sind keine Pflegekr\u00e4fte im klassischen Sinne. Sie sind vielmehr wie fr\u00fcher die Gemeindeschwestern, sie sind Ansprechpartner besonders f\u00fcr \u00e4ltere Menschen vor Ort, jemand der ber\u00e4t, vernetzt und koordiniert. Sie kommen auch zu den Menschen nach Hause, sprechen mit ihnen und schauen nach dem Rechten: Wie geht es den Seniorinnen und Senioren? Wie k\u00f6nnten sie eingebunden werden? Stimmen die Lebensbedingungen oder l\u00e4sst sich an der Wohnsituation etwas \u00e4ndern? Hilfsbed\u00fcrftige Menschen sollen dann \u00fcber die Gemeinde einen Termin vereinbaren k\u00f6nnen. \u201eVon der Sozialstation Mittlere Wetterau \u00fcber private Pflegedienste bis hin zur station\u00e4ren Pflege steht in der Region ein breites Angebot zur Verf\u00fcgung. Nicht zu vergessen sind ehrenamtliche Angebote wie zum Beispiel die sehr gut aufgestellte Nachbarschaftshilfe Wohnbach und Umgebung,\u201c berichtet Loni Konitzke, der aufgrund ihrer langj\u00e4hrigen ehrenamtlichen Seniorenarbeit, die Sorgen und N\u00f6te der Seniorinnen und Senioren bekannt sind. Ziel von Frau Sch\u00e4fer ist es auch, die bereits vorhandenen Angebote mit in die Arbeit einzubinden und besser zu vernetzen. Ob es sich um Unterst\u00fctzung bei Beh\u00f6rdeng\u00e4ngen, die Vermittlung einer Haushaltshilfe oder auch die Herstellung eines Kontaktes f\u00fcr eine einmalige Unterst\u00fctzung der Nachbarschaftshilfe handelt \u2013 \u00e4lteren Menschen soll unkompliziert dabei geholfen werden, m\u00f6glichst lange selbstbestimmt im eigenen Zuhause leben zu k\u00f6nnen. Manchmal sind sie aber auch einfach nur Zuh\u00f6rerinnen und Zuh\u00f6rer in einsamen Stunden. Das Land Hessen f\u00f6rdert die Personalkosten der Stelle mit 80 Prozent, die \u00fcbrigen Kosten werden vom Wetteraukreis beglichen. \u201eWir freuen uns sehr, dass Frau Sch\u00e4fer ab sofort f\u00fcr unsere Gemeinde im Einsatz ist und die vielen Seniorinnen und Senioren von Ihrer Arbeit profitieren werden\u201c, sind sich Gerlach und Konitzke abschlie\u00dfend einig.<\/p>\n","protected":false},"excerpt":{"rendered":"<p>Viele \u00e4ltere Menschen sind im Alltag auf Unterst\u00fctzung angewiesen, die oft \u00fcber die pflegerische Betreuung hinausgeht. Die Gemeindevertretung hat daher im vergangenen Jahr auf Antrag der SPD beschlossen, einen F\u00f6rderantrag f\u00fcr eine Vollzeitstelle f\u00fcr eine Gemeindepflegerin beim Land Hessen zu stellen. Die F\u00f6rderung wurde bewilligt und am 02. Dezember konnte die neue Gemeindepflegerin Frau Sch\u00e4fer [&hellip;]<\/p>\n","protected":false},"author":6,"featured_media":2116,"comment_status":"closed","ping_status":"open","sticky":false,"template":"","format":"standard","meta":{"rop_custom_images_group":[],"rop_custom_messages_group":[],"rop_publish_now":"initial","rop_publish_now_accounts":[],"rop_publish_now_history":[],"rop_publish_now_status":"pending","footnotes":""},"categories":[1],"tags":[563,737,49,739,738,96],"class_list":["post-2115","post","type-post","status-publish","format-standard","has-post-thumbnail","hentry","category-allgemein","tag-erfolgreich","tag-gemeindepflegerin","tag-spd-antrag","tag-umgesetzt","tag-wieder","tag-woelfersheim"],"_links":{"self":[{"href":"http:\/\/spdwoelfersheim.de\/index.php?rest_route=\/wp\/v2\/posts\/2115","targetHints":{"allow":["GET"]}}],"collection":[{"href":"http:\/\/spdwoelfersheim.de\/index.php?rest_route=\/wp\/v2\/posts"}],"about":[{"href":"http:\/\/spdwoelfersheim.de\/index.php?rest_route=\/wp\/v2\/types\/post"}],"author":[{"embeddable":true,"href":"http:\/\/spdwoelfersheim.de\/index.php?rest_route=\/wp\/v2\/users\/6"}],"replies":[{"embeddable":true,"href":"http:\/\/spdwoelfersheim.de\/index.php?rest_route=%2Fwp%2Fv2%2Fcomments&post=2115"}],"version-history":[{"count":1,"href":"http:\/\/spdwoelfersheim.de\/index.php?rest_route=\/wp\/v2\/posts\/2115\/revisions"}],"predecessor-version":[{"id":2117,"href":"http:\/\/spdwoelfersheim.de\/index.php?rest_route=\/wp\/v2\/posts\/2115\/revisions\/2117"}],"wp:featuredmedia":[{"embeddable":true,"href":"http:\/\/spdwoelfersheim.de\/index.php?rest_route=\/wp\/v2\/media\/2116"}],"wp:attachment":[{"href":"http:\/\/spdwoelfersheim.de\/index.php?rest_route=%2Fwp%2Fv2%2Fmedia&parent=2115"}],"wp:term":[{"taxonomy":"category","embeddable":true,"href":"http:\/\/spdwoelfersheim.de\/index.php?rest_route=%2Fwp%2Fv2%2Fcategories&post=2115"},{"taxonomy":"post_tag","embeddable":true,"href":"http:\/\/spdwoelfersheim.de\/index.php?rest_route=%2Fwp%2Fv2%2Ftags&post=2115"}],"curies":[{"name":"wp","href":"https:\/\/api.w.org\/{rel}","templated":true}]}}