{"id":2121,"date":"2025-01-27T10:55:28","date_gmt":"2025-01-27T08:55:28","guid":{"rendered":"http:\/\/spdwoelfersheim.de\/?p=2121"},"modified":"2025-01-27T11:09:04","modified_gmt":"2025-01-27T09:09:04","slug":"bezahlbarer-wohnraum-fuer-alle","status":"publish","type":"post","link":"http:\/\/spdwoelfersheim.de\/?p=2121","title":{"rendered":"Bezahlbarer Wohnraum f\u00fcr alle"},"content":{"rendered":"<p>Seit vielen Jahren versucht der Wetteraukreis, eine Wohnungsbaugesellschaft ins Leben zu rufen. Ziel der Gesellschaft ist es, bezahlbaren Wohnraum im Kreis zu schaffen. Im Laufe der letzten Monate hat die neue Beigeordnete des Wetteraukreises, Marion G\u00f6tz, die Voraussetzungen f\u00fcr die Gr\u00fcndung der Wohnungsbaugesellschaft geschaffen. Durch den engen Kontakt zu den B\u00fcrgermeisterinnen und B\u00fcrgermeistern der 25 Wetterauer St\u00e4dte und Gemeinden und bereits bestehenden Wohnungsbaugesellschaften konnten die Voraussetzungen f\u00fcr einen erfolgreichen Start der Gesellschaft gelegt werden. Im Laufe der n\u00e4chsten Monate werden die entsprechenden Beschl\u00fcsse im Kreistag gefasst.<\/p>\n<p>W\u00f6lfersheim ist im Bereich des bezahlbaren Wohnraums gut aufgestellt. Die Gemeinde vermietet bereits \u00fcber 60 eigene Wohnungen zu fairen Konditionen. In der Melbacher Stra\u00dfe, in direkter Gegenlage zum neu geschaffenem \u00c4rztehaus, sollen nun vier weitere Wohnungen dazu kommen. Gerhard Weber, der sich als Mitglied des Kreistages und als Vorsitzender der W\u00f6lfersheimer Gemeindevertretung seit vielen Jahren f\u00fcr dieses Thema einsetzt, traf sich zusammen mit B\u00fcrgermeister Eike See und Marion G\u00f6tz direkt vor Ort, um sich vom Standort zu \u00fcberzeugen und zu den m\u00f6glichen F\u00f6rdermitteln auszutauschen.<\/p>\n","protected":false},"excerpt":{"rendered":"<p>Seit vielen Jahren versucht der Wetteraukreis, eine Wohnungsbaugesellschaft ins Leben zu rufen. Ziel der Gesellschaft ist es, bezahlbaren Wohnraum im Kreis zu schaffen. Im Laufe der letzten Monate hat die neue Beigeordnete des Wetteraukreises, Marion G\u00f6tz, die Voraussetzungen f\u00fcr die Gr\u00fcndung der Wohnungsbaugesellschaft geschaffen. Durch den engen Kontakt zu den B\u00fcrgermeisterinnen und B\u00fcrgermeistern der 25 [&hellip;]<\/p>\n","protected":false},"author":6,"featured_media":2122,"comment_status":"closed","ping_status":"open","sticky":false,"template":"","format":"standard","meta":{"rop_custom_images_group":[],"rop_custom_messages_group":[],"rop_publish_now":"initial","rop_publish_now_accounts":[],"rop_publish_now_history":[],"rop_publish_now_status":"pending","footnotes":""},"categories":[1],"tags":[536,240],"class_list":["post-2121","post","type-post","status-publish","format-standard","has-post-thumbnail","hentry","category-allgemein","tag-bezahlbarer","tag-wohnraum"],"_links":{"self":[{"href":"http:\/\/spdwoelfersheim.de\/index.php?rest_route=\/wp\/v2\/posts\/2121","targetHints":{"allow":["GET"]}}],"collection":[{"href":"http:\/\/spdwoelfersheim.de\/index.php?rest_route=\/wp\/v2\/posts"}],"about":[{"href":"http:\/\/spdwoelfersheim.de\/index.php?rest_route=\/wp\/v2\/types\/post"}],"author":[{"embeddable":true,"href":"http:\/\/spdwoelfersheim.de\/index.php?rest_route=\/wp\/v2\/users\/6"}],"replies":[{"embeddable":true,"href":"http:\/\/spdwoelfersheim.de\/index.php?rest_route=%2Fwp%2Fv2%2Fcomments&post=2121"}],"version-history":[{"count":1,"href":"http:\/\/spdwoelfersheim.de\/index.php?rest_route=\/wp\/v2\/posts\/2121\/revisions"}],"predecessor-version":[{"id":2123,"href":"http:\/\/spdwoelfersheim.de\/index.php?rest_route=\/wp\/v2\/posts\/2121\/revisions\/2123"}],"wp:featuredmedia":[{"embeddable":true,"href":"http:\/\/spdwoelfersheim.de\/index.php?rest_route=\/wp\/v2\/media\/2122"}],"wp:attachment":[{"href":"http:\/\/spdwoelfersheim.de\/index.php?rest_route=%2Fwp%2Fv2%2Fmedia&parent=2121"}],"wp:term":[{"taxonomy":"category","embeddable":true,"href":"http:\/\/spdwoelfersheim.de\/index.php?rest_route=%2Fwp%2Fv2%2Fcategories&post=2121"},{"taxonomy":"post_tag","embeddable":true,"href":"http:\/\/spdwoelfersheim.de\/index.php?rest_route=%2Fwp%2Fv2%2Ftags&post=2121"}],"curies":[{"name":"wp","href":"https:\/\/api.w.org\/{rel}","templated":true}]}}