{"id":2124,"date":"2025-02-03T05:00:27","date_gmt":"2025-02-03T03:00:27","guid":{"rendered":"http:\/\/spdwoelfersheim.de\/?p=2124"},"modified":"2025-01-27T11:09:04","modified_gmt":"2025-01-27T09:09:04","slug":"gastbeitrag-der-dgb-vertreter-mahran-pulkert-und-rainer-gotthardt-wir-meckern-nicht-wir-tun-was","status":"publish","type":"post","link":"http:\/\/spdwoelfersheim.de\/?p=2124","title":{"rendered":"Gastbeitrag der DGB-Vertreter Mahran Pulkert und Rainer Gotthardt: Wir meckern nicht \u2013 wir tun was!"},"content":{"rendered":"<p>Immer mehr Firmen beklagen einen Mangel an qualifiziertem Personal. Jahr f\u00fcr Jahr k\u00f6nnen Ausbildungspl\u00e4tze nicht besetzt werden. Gleichzeitig finden hunderttausende junge Menschen keinen Ausbildungsplatz. Selbst Betriebe, die gerne ausbilden w\u00fcrden, beklagen sich dar\u00fcber, nicht alle ihrer Ausbildungsstellen besetzen zu k\u00f6nnen.<\/p>\n<p>Woran liegt das, welche Ursachen gibt es f\u00fcr diese Diskrepanz? Und vor allem: Gilt das auch f\u00fcr uns auf dem Land? Gilt das auch f\u00fcr uns in W\u00f6lfersheim? Mit diesen Fragen besch\u00e4ftigte sich der DGB-Ortsverein in W\u00f6lfersheim. Erste Recherchen haben ergeben, dass auch in W\u00f6lfersheim Ausbildungspl\u00e4tze unbesetzt bleiben, obwohl die Betriebe zum Teil sehr viel Energie aufwenden, um Auszubildende zu finden. Dabei haben wir festgestellt, dass Auszubildende, die in W\u00f6lfersheim einen Ausbildungsplatz gefunden haben, tagt\u00e4glich gr\u00f6\u00dfere Entfernungen zur\u00fccklegen m\u00fcssen, um in den Betrieb zu kommen.<\/p>\n<p><strong>Ein L\u00f6sungsansatz, der unter Jugendlichen in den Gewerkschaften immer wieder gefordert wird, ist: \u201eWir brauchen mehr Wohnheime f\u00fcr Auszubildende.\u201c Die Lage auf dem Wohnungsmarkt ist sehr angespannt, der Mangel an bezahlbarem Wohnraum trifft besonders die jungen Menschen, die nicht mehr bei ihren Eltern wohnen k\u00f6nnen oder wollen.<br \/>\nZwei Zahlen machen deutlich, wie brisant die Lage f\u00fcr Auszubildende auf dem Wohnungsmarkt ist: Der Mindestlohn f\u00fcr Azubis betr\u00e4gt 649 Euro. Selbst diejenigen, die nach Tariflohn bezahlt werden, kommen gerade mal auf 900 Euro. Daf\u00fcr ein Zimmer zu bekommen und den Lebensunterhalt zu bestreiten, das wird schwer.<\/strong><\/p>\n<p><strong>Aber Wohnheime f\u00fcr Auszubildende in W\u00f6lfersheim \u2013 ist das nicht eine Nummer zu gro\u00df? Haben wir vor Ort \u00fcberhaupt geeignete Quartiere f\u00fcr so ein Vorhaben?<\/strong><\/p>\n<p>Je l\u00e4nger wir uns mit dem Thema besch\u00e4ftigten, desto mehr Fragen haben sich aufget\u00fcrmt. Aber wir konnten auch feststellen, dass die Zahl der Bef\u00fcrworter, dagegen etwas zu tun, immer gr\u00f6\u00dfer wurde. Daraus erwuchs folgender Vorschlag: Wenn wir bei diesem Thema N\u00e4gel mit K\u00f6pfen machen wollen, dann m\u00fcssen die politischen Entscheidungstr\u00e4ger mit ins Boot geholt werden. Der B\u00fcrgermeister machte uns den Vorschlag, das Thema auf der Klausurtagung der SPD-Fraktion vorzustellen. Gem\u00e4\u00df dem Motto der W\u00f6lfersheimer SPD: \u201eEs gibt nichts Gutes, au\u00dfer man tut es!\u201c haben die Teilnehmer der Klausurtagung gleich begonnen, Fragen zur Umsetzung zu diskutieren.<\/p>\n<p><strong>In einem ersten Schritt sollen zwei entscheidende Fragen gekl\u00e4rt werden: Erstens, haben die Betriebe in W\u00f6lfersheim Bedarf an bezahlbarem Wohnraum f\u00fcr ihre Auszubildenden, und w\u00e4ren sie auch bereit, sich an den Kosten zu beteiligen? Und zweitens, gibt es in W\u00f6lfersheim M\u00f6glichkeiten, bezahlbaren Wohnraum f\u00fcr Auszubildende zu schaffen?<\/strong><\/p>\n<p>Mit diesen beiden Fragestellungen wurde ein Antrag der W\u00f6lfersheimer SPD-Fraktion in das Gemeindeparlament eingebracht. Mit dem Antrag wird die Gemeindeverwaltung beauftragt, die beiden wichtigen Fragen zu kl\u00e4ren. Zugegeben, das h\u00f6rt sich alles so an, als dauere es ewig, bis etwas geschieht. Aber es macht auch keinen Sinn, Dinge \u00fcbers Knie brechen zu wollen oder etwas zu fordern, was vor Ort gar nicht entschieden werden kann. Jedoch wird, was in unserer Macht liegt, in W\u00f6lfersheim auf den Weg gebracht und gel\u00f6st.<\/p>\n","protected":false},"excerpt":{"rendered":"<p>Immer mehr Firmen beklagen einen Mangel an qualifiziertem Personal. Jahr f\u00fcr Jahr k\u00f6nnen Ausbildungspl\u00e4tze nicht besetzt werden. Gleichzeitig finden hunderttausende junge Menschen keinen Ausbildungsplatz. Selbst Betriebe, die gerne ausbilden w\u00fcrden, beklagen sich dar\u00fcber, nicht alle ihrer Ausbildungsstellen besetzen zu k\u00f6nnen. Woran liegt das, welche Ursachen gibt es f\u00fcr diese Diskrepanz? Und vor allem: Gilt das [&hellip;]<\/p>\n","protected":false},"author":6,"featured_media":2125,"comment_status":"closed","ping_status":"open","sticky":false,"template":"","format":"standard","meta":{"rop_custom_images_group":[],"rop_custom_messages_group":[],"rop_publish_now":"initial","rop_publish_now_accounts":[],"rop_publish_now_history":[],"rop_publish_now_status":"pending","footnotes":""},"categories":[1],"tags":[2,293,743,745,741,744,742,210,696,677,740],"class_list":["post-2124","post","type-post","status-publish","format-standard","has-post-thumbnail","hentry","category-allgemein","tag-bernd-heinisch","tag-der","tag-dgb-vertreter","tag-gastbeitrag","tag-gotthardt","tag-mahran","tag-meckern","tag-pulkert","tag-rainer","tag-tun","tag-was"],"_links":{"self":[{"href":"http:\/\/spdwoelfersheim.de\/index.php?rest_route=\/wp\/v2\/posts\/2124","targetHints":{"allow":["GET"]}}],"collection":[{"href":"http:\/\/spdwoelfersheim.de\/index.php?rest_route=\/wp\/v2\/posts"}],"about":[{"href":"http:\/\/spdwoelfersheim.de\/index.php?rest_route=\/wp\/v2\/types\/post"}],"author":[{"embeddable":true,"href":"http:\/\/spdwoelfersheim.de\/index.php?rest_route=\/wp\/v2\/users\/6"}],"replies":[{"embeddable":true,"href":"http:\/\/spdwoelfersheim.de\/index.php?rest_route=%2Fwp%2Fv2%2Fcomments&post=2124"}],"version-history":[{"count":1,"href":"http:\/\/spdwoelfersheim.de\/index.php?rest_route=\/wp\/v2\/posts\/2124\/revisions"}],"predecessor-version":[{"id":2126,"href":"http:\/\/spdwoelfersheim.de\/index.php?rest_route=\/wp\/v2\/posts\/2124\/revisions\/2126"}],"wp:featuredmedia":[{"embeddable":true,"href":"http:\/\/spdwoelfersheim.de\/index.php?rest_route=\/wp\/v2\/media\/2125"}],"wp:attachment":[{"href":"http:\/\/spdwoelfersheim.de\/index.php?rest_route=%2Fwp%2Fv2%2Fmedia&parent=2124"}],"wp:term":[{"taxonomy":"category","embeddable":true,"href":"http:\/\/spdwoelfersheim.de\/index.php?rest_route=%2Fwp%2Fv2%2Fcategories&post=2124"},{"taxonomy":"post_tag","embeddable":true,"href":"http:\/\/spdwoelfersheim.de\/index.php?rest_route=%2Fwp%2Fv2%2Ftags&post=2124"}],"curies":[{"name":"wp","href":"https:\/\/api.w.org\/{rel}","templated":true}]}}