{"id":2142,"date":"2025-04-02T19:28:28","date_gmt":"2025-04-02T17:28:28","guid":{"rendered":"http:\/\/spdwoelfersheim.de\/?p=2142"},"modified":"2025-04-03T11:33:06","modified_gmt":"2025-04-03T09:33:06","slug":"liebe-mitbuergerinnen-und-mitbuerger","status":"publish","type":"post","link":"http:\/\/spdwoelfersheim.de\/?p=2142","title":{"rendered":"Liebe Mitb\u00fcrgerinnen und Mitb\u00fcrger!"},"content":{"rendered":"<p><strong>Am Beginn eines Jahres nimmt man sich immer viel vor und hofft vor allem, dass es ein besseres und ein gutes, erfolgreiches Jahr wird.<\/strong><\/p>\n<p>Nach dem Ergebnis der Bundestagswahl sollten und m\u00fcssen die handelten demokratischen Parteien registrieren, dass in unserer Bev\u00f6lkerung Irritationen, Verunsicherung und Angst zum Ausdruck kamen. Ein Teil des Wahlergebnisses ist sicherlich reiner Protest. Jetzt ist daher entschlossenes Handeln angesagt. Es braucht nun klare Entscheidungen und Richtungsweisungen, damit unsere B\u00fcrgerinnen und B\u00fcrger wieder Gewissheit bekommen und wissen, woran sie zuk\u00fcnftig sind. Nach den Vorg\u00e4ngen in den USA und Russland ist es dringend notwendig, europ\u00e4isch zu denken und zu handeln. Wir sollten uns auch nicht von Scharfmachern irritieren und in falsche Richtungen dr\u00e4ngen lassen, denn Hass und Verbohrtheit sind schlechte Ratgeber. Aus W\u00f6lfersheimer Sicht ist das Positive an der Bundestagswahl, dass unsere alte und neue Bundestagsabgeordnete Natalie Pawlik hier bei uns vorne lag. Im Vergleich zu den Zweitstimmen war die Differenz gute 9 %, das hei\u00dft, dass ihre Arbeit und ihr Einsatz f\u00fcr unsere Gemeinde honoriert wurde.<\/p>\n<p>Wir werden auch weiter daf\u00fcr sorgen, dass die W\u00f6lfersheimer SPD im Gemeindeparlament mit klaren und guten Entscheidungen daf\u00fcr sorgt, dass unsere B\u00fcrger wissen, woran sie sind. Wichtig ist Wort halten, verl\u00e4sslich sein und die Menschen in unserer Gemeinde ernst nehmen. Das ist das, was von uns erwartet wird. Die W\u00f6lfersheimer SPD wird sich jedenfalls daranhalten. Wir wollen unsere Gemeinde weiter entwickeln, wenn m\u00f6glich mit wenig Belastung der B\u00fcrger. Verbesserung der Infrastruktur, Unterst\u00fctzung von Handel und Gewerbe mit Schaffung von Arbeitspl\u00e4tzen vor Ort, F\u00f6rderung von Bildung und Schule, sowie der Schutz von Umwelt und Natur, das ist unser Streben. Wir wollen Ihnen und Ihren Kindern eine lebenswerte Zukunft in W\u00f6lfersheim bieten.<br \/>\nIch hoffe, dass Sie uns dabei positiv begleiten und uns bei unserer Arbeit kritisch unterst\u00fctzen. Daher bitte ich Sie, nehmen Sie an unserer <a href=\"http:\/\/spdwoelfersheim.de\/?p=2145\">\u00bb Befragung<\/a> teil.<\/p>\n<p>Ich w\u00fcnsche Ihnen ein frohes Osterfest und eine gute Zeit. <\/p>\n<p><strong>Ihr Gerhard Weber<\/strong><\/p>\n<p><img loading=\"lazy\" decoding=\"async\" src=\"http:\/\/spdwoelfersheim.de\/wp-content\/uploads\/kw\/03_GerhardWeber.jpg\" alt=\"\" width=\"254\" height=\"293\" class=\"aligncenter size-full wp-image-2154\" \/><\/p>\n","protected":false},"excerpt":{"rendered":"<p>Am Beginn eines Jahres nimmt man sich immer viel vor und hofft vor allem, dass es ein besseres und ein gutes, erfolgreiches Jahr wird. Nach dem Ergebnis der Bundestagswahl sollten und m\u00fcssen die handelten demokratischen Parteien registrieren, dass in unserer Bev\u00f6lkerung Irritationen, Verunsicherung und Angst zum Ausdruck kamen. Ein Teil des Wahlergebnisses ist sicherlich reiner [&hellip;]<\/p>\n","protected":false},"author":6,"featured_media":961,"comment_status":"closed","ping_status":"open","sticky":false,"template":"","format":"standard","meta":{"rop_custom_images_group":[],"rop_custom_messages_group":[],"rop_publish_now":"initial","rop_publish_now_accounts":[],"rop_publish_now_history":[],"rop_publish_now_status":"pending","footnotes":""},"categories":[1],"tags":[755,754,756],"class_list":["post-2142","post","type-post","status-publish","format-standard","has-post-thumbnail","hentry","category-allgemein","tag-liebe","tag-mitbuerger","tag-mitbuergerinnen"],"_links":{"self":[{"href":"http:\/\/spdwoelfersheim.de\/index.php?rest_route=\/wp\/v2\/posts\/2142","targetHints":{"allow":["GET"]}}],"collection":[{"href":"http:\/\/spdwoelfersheim.de\/index.php?rest_route=\/wp\/v2\/posts"}],"about":[{"href":"http:\/\/spdwoelfersheim.de\/index.php?rest_route=\/wp\/v2\/types\/post"}],"author":[{"embeddable":true,"href":"http:\/\/spdwoelfersheim.de\/index.php?rest_route=\/wp\/v2\/users\/6"}],"replies":[{"embeddable":true,"href":"http:\/\/spdwoelfersheim.de\/index.php?rest_route=%2Fwp%2Fv2%2Fcomments&post=2142"}],"version-history":[{"count":3,"href":"http:\/\/spdwoelfersheim.de\/index.php?rest_route=\/wp\/v2\/posts\/2142\/revisions"}],"predecessor-version":[{"id":2157,"href":"http:\/\/spdwoelfersheim.de\/index.php?rest_route=\/wp\/v2\/posts\/2142\/revisions\/2157"}],"wp:featuredmedia":[{"embeddable":true,"href":"http:\/\/spdwoelfersheim.de\/index.php?rest_route=\/wp\/v2\/media\/961"}],"wp:attachment":[{"href":"http:\/\/spdwoelfersheim.de\/index.php?rest_route=%2Fwp%2Fv2%2Fmedia&parent=2142"}],"wp:term":[{"taxonomy":"category","embeddable":true,"href":"http:\/\/spdwoelfersheim.de\/index.php?rest_route=%2Fwp%2Fv2%2Fcategories&post=2142"},{"taxonomy":"post_tag","embeddable":true,"href":"http:\/\/spdwoelfersheim.de\/index.php?rest_route=%2Fwp%2Fv2%2Ftags&post=2142"}],"curies":[{"name":"wp","href":"https:\/\/api.w.org\/{rel}","templated":true}]}}