{"id":215,"date":"2015-07-30T10:47:58","date_gmt":"2015-07-30T08:47:58","guid":{"rendered":"http:\/\/spdwoelfersheim.de\/?p=215"},"modified":"2021-01-12T13:42:02","modified_gmt":"2021-01-12T11:42:02","slug":"spd-fraktion-besucht-woelfersheimer-rettungsinsel","status":"publish","type":"post","link":"http:\/\/spdwoelfersheim.de\/?p=215","title":{"rendered":"SPD-Fraktion besucht W\u00f6lfersheimer &#8222;Rettungsinsel&#8220;"},"content":{"rendered":"<p><a href=\"http:\/\/spdwoelfersheim.de\/wp-content\/uploads\/2015\/07\/FFW-W\u00f6lfersheim.jpg\"><img loading=\"lazy\" decoding=\"async\" class=\"alignnone size-medium wp-image-223\" src=\"http:\/\/spdwoelfersheim.de\/wp-content\/uploads\/2015\/07\/FFW-W\u00f6lfersheim-300x225.jpg\" alt=\"FFW W\u00f6lfersheim\" width=\"300\" height=\"225\" srcset=\"http:\/\/spdwoelfersheim.de\/wp-content\/uploads\/2015\/07\/FFW-W\u00f6lfersheim-300x225.jpg 300w, http:\/\/spdwoelfersheim.de\/wp-content\/uploads\/2015\/07\/FFW-W\u00f6lfersheim-1024x768.jpg 1024w, http:\/\/spdwoelfersheim.de\/wp-content\/uploads\/2015\/07\/FFW-W\u00f6lfersheim-900x675.jpg 900w\" sizes=\"auto, (max-width: 300px) 100vw, 300px\" \/><\/a><a href=\"http:\/\/spdwoelfersheim.de\/wp-content\/uploads\/2015\/07\/Blick-in-den-ASB-Rettungswagen1.jpg\"><img loading=\"lazy\" decoding=\"async\" class=\"alignnone size-medium wp-image-225\" src=\"http:\/\/spdwoelfersheim.de\/wp-content\/uploads\/2015\/07\/Blick-in-den-ASB-Rettungswagen1-300x225.jpg\" alt=\"Blick in den ASB Rettungswagen\" width=\"300\" height=\"225\" srcset=\"http:\/\/spdwoelfersheim.de\/wp-content\/uploads\/2015\/07\/Blick-in-den-ASB-Rettungswagen1-300x225.jpg 300w, http:\/\/spdwoelfersheim.de\/wp-content\/uploads\/2015\/07\/Blick-in-den-ASB-Rettungswagen1-1024x768.jpg 1024w, http:\/\/spdwoelfersheim.de\/wp-content\/uploads\/2015\/07\/Blick-in-den-ASB-Rettungswagen1-900x675.jpg 900w\" sizes=\"auto, (max-width: 300px) 100vw, 300px\" \/><\/a><a href=\"http:\/\/spdwoelfersheim.de\/wp-content\/uploads\/2015\/07\/DRK-SPD-2.jpg\"><img loading=\"lazy\" decoding=\"async\" class=\"alignnone size-medium wp-image-221\" src=\"http:\/\/spdwoelfersheim.de\/wp-content\/uploads\/2015\/07\/DRK-SPD-2-300x225.jpg\" alt=\"DRK &amp; SPD 2\" width=\"300\" height=\"225\" srcset=\"http:\/\/spdwoelfersheim.de\/wp-content\/uploads\/2015\/07\/DRK-SPD-2-300x225.jpg 300w, http:\/\/spdwoelfersheim.de\/wp-content\/uploads\/2015\/07\/DRK-SPD-2-1024x768.jpg 1024w, http:\/\/spdwoelfersheim.de\/wp-content\/uploads\/2015\/07\/DRK-SPD-2-900x675.jpg 900w, http:\/\/spdwoelfersheim.de\/wp-content\/uploads\/2015\/07\/DRK-SPD-2.jpg 1600w\" sizes=\"auto, (max-width: 300px) 100vw, 300px\" \/><\/a>SPD-Fraktion besucht W\u00f6lfersheimer \u201eRettungsinsel\u201c<br \/>\nIn der unmittelbaren N\u00e4he des Kreisverkehrs an der der W\u00f6lfersheimer Seestrasse befinden sich die Rettungsdienste von Arbeiter-Samariter-Bund (ASB) und Deutschem Roten Kreuz (DRK) sowie der St\u00fctzpunkt der W\u00f6lfersheimer Feuerwehr. So liegen drei Notfalldienste, die W\u00f6lfersheimer B\u00fcrgerinnen und B\u00fcrger im Ernstfall betreuen, in unmittelbarer Nachbarschaft zueinander. Die SPD-Fraktion besuchte k\u00fcrzlich alle drei um sich einen \u00dcberblick \u00fcber die Aufgaben, Arbeitsweise und die Bedingungen zu verschaffen.<br \/>\nZuerst besuchten die W\u00f6lfersheimer SPD-Parlamentarier den St\u00fctzpunkt des Arbeiter-Samariter-Bundes (ASB). Sie wurden von Wachenleiter Meisinger begr\u00fc\u00dft und durch die R\u00e4umlichkeiten gef\u00fchrt. Dabei wurde auch das kostenintensive Problem der Beheizung der Einsatzfahrzeuge angesprochen, die im Winter im Freien unter einer \u00dcberdachung stehen. Diese m\u00fcssen jedoch f\u00fcr den Krankentransport vorgeheizt werden, erl\u00e4uterte ASB Bereichsleiter Rottmann, der eigens zu der Besprechung mit den Parlamentariern dazu gekommen war. Auch w\u00fcrden die Rettungsdienste vermehrt durch Eins\u00e4tze belastet, die fr\u00fcher durch \u00e4rztliche Notdienste betreut wurden. Da aber die \u00e4rztliche Notversorgung finanziell zusammengestrichen wurde und infolgedessen Notdienste aufgel\u00f6st wurden, w\u00fcrden die Rettungsdienste vermehrt auch zu Bagatellf\u00e4llen gerufen. Dies bedeute einen immensen Anstieg der Eins\u00e4tze. Dabei w\u00fcnschten sich die beiden ASB-Mitarbeiter, dass H\u00e4user nachts besser von den Eigent\u00fcmern beleuchtet und Hausnummern besser lesbar gemacht werden. Weiterhin w\u00fcrden parkende Autos oft auch die Zufahrt der Rettungskr\u00e4fte erschweren. Von Seiten der SPD- Fraktion ist nun vorgesehen, in der Gemeindevertretung einen Antrag zu stellen, damit die Gemeinde W\u00f6lfersheim als Vermieter den ASB-St\u00fctzpunkt baulich so umgestaltet, dass die Einsatzfahrzeuge besser aufgew\u00e4rmt werden k\u00f6nnen und nicht weiterhin ungesch\u00fctzt im Freien stehen. \u201eDie W\u00f6lfersheimer Bev\u00f6lkerung hat von der ASB-Rettungswache den Standortvorteil f\u00fcr eine schnelle Rettung im Notfall, deshalb wollen wir m\u00f6glichst daf\u00fcr sorgen, dass die Wache gut ausgestattet ist,\u201c \u00e4u\u00dferte SPD-Fraktionsvorsitzender Pulkert.<br \/>\nBei einem anschlie\u00dfenden Kurzbesuch im Feuerwehrhaus bedankten sich die SPD-Parlamentarier bei den anwesenden Feuerwehrm\u00e4nnern f\u00fcr die aktive Mitarbeit bei der durchgef\u00fchrten Feuerwehrbefragung. Beruhigend ist, dass die Einsatzbereitschaft aller W\u00f6lfersheimer Feuerwehren auch zuk\u00fcnftig gesichert ist, dennoch m\u00fcssen neue Wege des ehrenamtlichen Engagements verfolgt werden.<br \/>\nBei einem weiteren Anschlusstermin wechselten die SPD-Gemeindevertreter zum St\u00fctzpunkt des Deutschen Roten Kreuzes (DRK), wo sie herzlich vom neu-gew\u00e4hlten Vorstand begr\u00fc\u00dft wurden. Zun\u00e4chst informierten Stefan Reif und Vanessa Milbrandt, Vorsitzender des DRK-W\u00f6lfersheim und beide Mitglieder der kommissarischen Bereitschaftsleitung, \u00fcber die Aktivit\u00e4ten des DRK. Im Unterschied zur akuten Notfallversorgung sind die Eins\u00e4tze des DRK meist planbar: Sanit\u00e4tsdienste bei Veranstaltungen von Vereinen bis hin zu Eins\u00e4tzen bei Gro\u00dfveranstaltungen z.B. auch in der Frankfurter Commerzbank-Arena. Der j\u00e4hrliche Seniorenausflug der Gemeinde W\u00f6lfersheim wird dankenswerterweise ebenfalls vom DRK betreut. Der St\u00fctzpunkt des DRK in W\u00f6lfersheim steht dar\u00fcber hinaus jederzeit bereit, wenn die Regelrettung \u00fcberlastet sein sollte. Das Geb\u00e4ude in W\u00f6lfersheim ist im Besitz des DRK-Kreisverbandes und steht bedingt durch einen massiven Wasserschaden im Kellergeschoss vor einem Sanierungsproblem. Dadurch wurde das Inventar des Jugendraums fast g\u00e4nzlich unbrauchbar, was f\u00fcr die Jugendarbeit des DRK besonders bedauerlich ist.<br \/>\nAuch in diesem Fall \u00fcberlegt die SPD-Fraktion in der Gemeindevertretung aktiv zu werden. Bei der Bereitschaft zur Blutspende verzeichneten die DRK-Verantwortlichen leider einen R\u00fcckgang, so dass die Termine reduziert werden mussten. J\u00e4hrlich leisteten die 18 Aktiven an die 4000 Stunden Arbeit und eine zus\u00e4tzliche Hilfskraft auf 450,-\u20acuro Basis musste eingestellt werden.<\/p>\n<p>Die Mitglieder der SPD-Fraktion konnten bei ihren Besuchen bei ASB; Feuerwehr und DRK ein \u00fcberzeugendes Ma\u00df an fachlicher Kompetenz und eine anerkennenswerte Bereitschaft zu freiwilligem Engagement feststellen. Die in W\u00f6lfersheim ans\u00e4ssigen Rettungsdienste leisten ganz offenbar kompetente und hochmotivierte Arbeit im Dienst f\u00fcr Allgemeinheit. Die Parlamentarier versprachen die Sorgen, die in den Gespr\u00e4chen angesprochen worden waren, ernst zu nehmen und bedankten sich f\u00fcr die fruchtbaren Gespr\u00e4che. \u201eDie Notfalldienste in W\u00f6lfersheim sind vorz\u00fcglich aufgestellt. So l\u00e4sst sich Ungl\u00fcck wenigstens lindern, wenn man wei\u00df, dass man sich auf die Retter verlassen kann. W\u00f6lfersheim kann dankbar sein, derart qualifizierte Rettungsdienste direkt im Ort zu haben \u201c, waren sich die SPD-Gemeindevertreter einig.<\/p>\n","protected":false},"excerpt":{"rendered":"<p>SPD-Fraktion besucht W\u00f6lfersheimer \u201eRettungsinsel\u201c In der unmittelbaren N\u00e4he des Kreisverkehrs an der der W\u00f6lfersheimer Seestrasse befinden sich die Rettungsdienste von Arbeiter-Samariter-Bund (ASB) und Deutschem Roten Kreuz (DRK) sowie der St\u00fctzpunkt der W\u00f6lfersheimer Feuerwehr. So liegen drei Notfalldienste, die W\u00f6lfersheimer B\u00fcrgerinnen und B\u00fcrger im Ernstfall betreuen, in unmittelbarer Nachbarschaft zueinander. Die SPD-Fraktion besuchte k\u00fcrzlich alle drei [&hellip;]<\/p>\n","protected":false},"author":6,"featured_media":218,"comment_status":"closed","ping_status":"open","sticky":false,"template":"","format":"standard","meta":{"rop_custom_images_group":[],"rop_custom_messages_group":[],"rop_publish_now":"initial","rop_publish_now_accounts":[],"rop_publish_now_history":[],"rop_publish_now_status":"pending","footnotes":""},"categories":[1],"tags":[554,455,254],"class_list":["post-215","post","type-post","status-publish","format-standard","has-post-thumbnail","hentry","category-allgemein","tag-rettungsinsel","tag-spd-fraktion","tag-woelfersheimer"],"_links":{"self":[{"href":"http:\/\/spdwoelfersheim.de\/index.php?rest_route=\/wp\/v2\/posts\/215","targetHints":{"allow":["GET"]}}],"collection":[{"href":"http:\/\/spdwoelfersheim.de\/index.php?rest_route=\/wp\/v2\/posts"}],"about":[{"href":"http:\/\/spdwoelfersheim.de\/index.php?rest_route=\/wp\/v2\/types\/post"}],"author":[{"embeddable":true,"href":"http:\/\/spdwoelfersheim.de\/index.php?rest_route=\/wp\/v2\/users\/6"}],"replies":[{"embeddable":true,"href":"http:\/\/spdwoelfersheim.de\/index.php?rest_route=%2Fwp%2Fv2%2Fcomments&post=215"}],"version-history":[{"count":3,"href":"http:\/\/spdwoelfersheim.de\/index.php?rest_route=\/wp\/v2\/posts\/215\/revisions"}],"predecessor-version":[{"id":231,"href":"http:\/\/spdwoelfersheim.de\/index.php?rest_route=\/wp\/v2\/posts\/215\/revisions\/231"}],"wp:featuredmedia":[{"embeddable":true,"href":"http:\/\/spdwoelfersheim.de\/index.php?rest_route=\/wp\/v2\/media\/218"}],"wp:attachment":[{"href":"http:\/\/spdwoelfersheim.de\/index.php?rest_route=%2Fwp%2Fv2%2Fmedia&parent=215"}],"wp:term":[{"taxonomy":"category","embeddable":true,"href":"http:\/\/spdwoelfersheim.de\/index.php?rest_route=%2Fwp%2Fv2%2Fcategories&post=215"},{"taxonomy":"post_tag","embeddable":true,"href":"http:\/\/spdwoelfersheim.de\/index.php?rest_route=%2Fwp%2Fv2%2Ftags&post=215"}],"curies":[{"name":"wp","href":"https:\/\/api.w.org\/{rel}","templated":true}]}}